{"id":1758,"date":"2018-06-10T20:32:48","date_gmt":"2018-06-10T20:32:48","guid":{"rendered":"http:\/\/fcpolit.unr.edu.ar\/blogs\/redaccion1-liberatore\/?p=1758"},"modified":"2018-06-10T20:32:48","modified_gmt":"2018-06-10T20:32:48","slug":"resumen-5","status":"publish","type":"post","link":"https:\/\/redaccion1.fcpolit.unr.edu.ar\/comision-liberatore\/2018\/06\/10\/resumen-5\/","title":{"rendered":"RESUMEN:"},"content":{"rendered":"<p>\u00a1Hola gente! Me llamo <strong>Daiana<\/strong> y esta semana van a tener el placer (o no) de que yo les <a href=\"https:\/\/blogs.fcpolit.unr.edu.ar\/redaccion1-liberatore\/files\/2018\/06\/34645950_10216438387340432_3122081799853834240_n-1.jpg\"><img loading=\"lazy\" decoding=\"async\" class=\"alignright size-thumbnail wp-image-1763\" src=\"https:\/\/blogs.fcpolit.unr.edu.ar\/redaccion1-liberatore\/files\/2018\/06\/34645950_10216438387340432_3122081799853834240_n-1-150x150.jpg\" alt=\"\" width=\"150\" height=\"150\" \/><\/a>cuente que lo que pas\u00f3 en la \u00faltima clase de Redacci\u00f3n I, as\u00ed que como dir\u00eda Cerati, &#8220;ah\u00ed vamos&#8221;:<br \/>\nLa clase empez\u00f3 puntual y como siempre la profesora Ana Laura dio el puntapi\u00e9 inicial pregunt\u00e1ndonos cu\u00e1les hab\u00edan sido nuestras lecturas por placer de la semana, por mi lado no me anim\u00e9 a hablar, as\u00ed que decid\u00ed escuchar a los dem\u00e1s: la noticia de que una chica hab\u00eda sido abusada por dos hombres despu\u00e9s de una noche de boliche y la noticia de que una madre y su hija encontraron un mastodonte en Totoras dijeron presente en ese ratito y por consiguiente la profesora dio sus \u201cavisos parroquiales\u201d record\u00e1ndonos que el pr\u00f3ximo mi\u00e9rcoles 13 de junio ser\u00e1 el primer parcial de la materia y que la fecha fijada para el recuperatorio ser\u00e1 el 27 del mismo mes y que adem\u00e1s, la gente que viaje al congreso en apoyo a la ley de despenalizaci\u00f3n del aborto (el mismo mi\u00e9rcoles 13) deber\u00e1 llevar boleto del colectivo que los traslade para que pueda hacer el parcial\u00a0 el jueves 21 siguiente, de 14 a 17 horas, informar con anticipaci\u00f3n a la profesora.<!--more--><br \/>\nLuego de los avisos retomamos la clase y empezamos a desglosar el \u00faltimo texto base (y fuentes) de la unidad 1, el contenido fue b\u00e1sicamente las estrategias que hay que tener en cuenta a la hora de realizar un escrito para que este escrito tengo sentido y coherencia y a su vez tambi\u00e9n trabajamos en el texto base n\u00famero 2 de la unidad 8 d\u00f3nde se recalcaron las caracter\u00edsticas que debe tener una noticia (valga la redundancia) para que sea noticia.<br \/>\nLa clase finaliz\u00f3 un rato antes de las 19:30 hs., la profesora Ana Laura no nos dej\u00f3 ninguna tarea para la pr\u00f3xima semana, ya que, como dije antes ser\u00e1 el primer parcial, espero que a todos nos vaya bien y que se les haya sido ameno leer este resumen.<\/p>\n","protected":false},"excerpt":{"rendered":"<p>\u00a1Hola gente! Me llamo Daiana y esta semana van a tener el placer (o no) de que yo les cuente que lo que pas\u00f3 en la \u00faltima clase de Redacci\u00f3n I, as\u00ed que como dir\u00eda Cerati, &#8220;ah\u00ed vamos&#8221;: La clase empez\u00f3 puntual y como siempre la profesora Ana Laura dio el puntapi\u00e9 inicial pregunt\u00e1ndonos cu\u00e1les [&hellip;]<\/p>\n","protected":false},"author":16,"featured_media":0,"comment_status":"open","ping_status":"open","sticky":false,"template":"","format":"standard","meta":{"footnotes":""},"categories":[26,27],"tags":[],"_links":{"self":[{"href":"https:\/\/redaccion1.fcpolit.unr.edu.ar\/comision-liberatore\/wp-json\/wp\/v2\/posts\/1758"}],"collection":[{"href":"https:\/\/redaccion1.fcpolit.unr.edu.ar\/comision-liberatore\/wp-json\/wp\/v2\/posts"}],"about":[{"href":"https:\/\/redaccion1.fcpolit.unr.edu.ar\/comision-liberatore\/wp-json\/wp\/v2\/types\/post"}],"author":[{"embeddable":true,"href":"https:\/\/redaccion1.fcpolit.unr.edu.ar\/comision-liberatore\/wp-json\/wp\/v2\/users\/16"}],"replies":[{"embeddable":true,"href":"https:\/\/redaccion1.fcpolit.unr.edu.ar\/comision-liberatore\/wp-json\/wp\/v2\/comments?post=1758"}],"version-history":[{"count":0,"href":"https:\/\/redaccion1.fcpolit.unr.edu.ar\/comision-liberatore\/wp-json\/wp\/v2\/posts\/1758\/revisions"}],"wp:attachment":[{"href":"https:\/\/redaccion1.fcpolit.unr.edu.ar\/comision-liberatore\/wp-json\/wp\/v2\/media?parent=1758"}],"wp:term":[{"taxonomy":"category","embeddable":true,"href":"https:\/\/redaccion1.fcpolit.unr.edu.ar\/comision-liberatore\/wp-json\/wp\/v2\/categories?post=1758"},{"taxonomy":"post_tag","embeddable":true,"href":"https:\/\/redaccion1.fcpolit.unr.edu.ar\/comision-liberatore\/wp-json\/wp\/v2\/tags?post=1758"}],"curies":[{"name":"wp","href":"https:\/\/api.w.org\/{rel}","templated":true}]}}