{"id":1751,"date":"2018-06-01T16:06:25","date_gmt":"2018-06-01T16:06:25","guid":{"rendered":"http:\/\/fcpolit.unr.edu.ar\/blogs\/redaccion1-liberatore\/?p=1751"},"modified":"2018-06-01T16:06:25","modified_gmt":"2018-06-01T16:06:25","slug":"clase-30-de-mayo-1930hs","status":"publish","type":"post","link":"https:\/\/redaccion1.fcpolit.unr.edu.ar\/comision-liberatore\/2018\/06\/01\/clase-30-de-mayo-1930hs\/","title":{"rendered":"Clase 30 de mayo 19:30hs"},"content":{"rendered":"<p class=\"x_MsoNormal\">Por Mauro Benoist<\/p>\n<p class=\"x_MsoNormal\">Buen d\u00eda!<\/p>\n<p class=\"x_MsoNormal\">En la clase del mi\u00e9rcoles 30 de Mayo, arrancamos la tarde hablando sobre las noticias que hab\u00edamos quedado en traer, varios compa\u00f1eros compartieron diferentes lecturas que fueron desde pol\u00edtica hasta una noticia\u00a0rusa, luego empezamos a hacer mayor hincapi\u00e9 en las volantas, t\u00edtulos y bajadas para encontrar las macroestructuras de las mismas. Y con eso se dio pie a una de las formas de las noticias, describiendo la pir\u00e1mide invertida (titulo, encabezado y cuerpo).<\/p>\n<p><!--more--><\/p>\n<p class=\"x_MsoNormal\">Y terminando la clase, entre varios alumnos le\u00edmos el texto base 12 (&#8220;estrategias para establecer la coherencia local&#8221;) de la unidad 1, en donde terminamos hablando y comentando sobre el mismo.<\/p>\n<p class=\"x_MsoNormal\">Para la pr\u00f3xima clase hay que llevar le\u00eddo el texto base 12 y de la unidad 8, el texto base 2 &#8220;definiciones y estructura&#8221;. Si, no se preocupen, pegamos el salto directo de la unidad 1 a la 8.<\/p>\n<p class=\"x_MsoNormal\">La profesora aclar\u00f3 que el primer parcial va a ser el\u00a0<b>13\/06<\/b>\u00a0y no el 14\/06 como se hab\u00eda dicho en un momento y que el mismo va a ser\u00a0dictado en hora de la comisi\u00f3n (Mi\u00e9rcoles 19.30). Los textos que entran son los que venimos trabajando, tantos los textos base y fuentes\u00a0de la unidad 1 como de la unidad 8.<\/p>\n<p class=\"x_MsoNormal\">\n","protected":false},"excerpt":{"rendered":"<p>Por Mauro Benoist Buen d\u00eda! En la clase del mi\u00e9rcoles 30 de Mayo, arrancamos la tarde hablando sobre las noticias que hab\u00edamos quedado en traer, varios compa\u00f1eros compartieron diferentes lecturas que fueron desde pol\u00edtica hasta una noticia\u00a0rusa, luego empezamos a hacer mayor hincapi\u00e9 en las volantas, t\u00edtulos y bajadas para encontrar las macroestructuras de las [&hellip;]<\/p>\n","protected":false},"author":25,"featured_media":0,"comment_status":"open","ping_status":"open","sticky":false,"template":"","format":"standard","meta":{"footnotes":""},"categories":[1],"tags":[],"_links":{"self":[{"href":"https:\/\/redaccion1.fcpolit.unr.edu.ar\/comision-liberatore\/wp-json\/wp\/v2\/posts\/1751"}],"collection":[{"href":"https:\/\/redaccion1.fcpolit.unr.edu.ar\/comision-liberatore\/wp-json\/wp\/v2\/posts"}],"about":[{"href":"https:\/\/redaccion1.fcpolit.unr.edu.ar\/comision-liberatore\/wp-json\/wp\/v2\/types\/post"}],"author":[{"embeddable":true,"href":"https:\/\/redaccion1.fcpolit.unr.edu.ar\/comision-liberatore\/wp-json\/wp\/v2\/users\/25"}],"replies":[{"embeddable":true,"href":"https:\/\/redaccion1.fcpolit.unr.edu.ar\/comision-liberatore\/wp-json\/wp\/v2\/comments?post=1751"}],"version-history":[{"count":0,"href":"https:\/\/redaccion1.fcpolit.unr.edu.ar\/comision-liberatore\/wp-json\/wp\/v2\/posts\/1751\/revisions"}],"wp:attachment":[{"href":"https:\/\/redaccion1.fcpolit.unr.edu.ar\/comision-liberatore\/wp-json\/wp\/v2\/media?parent=1751"}],"wp:term":[{"taxonomy":"category","embeddable":true,"href":"https:\/\/redaccion1.fcpolit.unr.edu.ar\/comision-liberatore\/wp-json\/wp\/v2\/categories?post=1751"},{"taxonomy":"post_tag","embeddable":true,"href":"https:\/\/redaccion1.fcpolit.unr.edu.ar\/comision-liberatore\/wp-json\/wp\/v2\/tags?post=1751"}],"curies":[{"name":"wp","href":"https:\/\/api.w.org\/{rel}","templated":true}]}}