{"id":17,"date":"2005-09-27T16:32:57","date_gmt":"2005-09-27T16:32:57","guid":{"rendered":"http:\/\/fcpolit.unr.edu.ar\/blogs\/redaccion1-liberatore\/2005\/09\/27\/miercoles-y-miercoles\/"},"modified":"2005-09-27T16:32:57","modified_gmt":"2005-09-27T16:32:57","slug":"miercoles-y-miercoles","status":"publish","type":"post","link":"https:\/\/redaccion1.fcpolit.unr.edu.ar\/comision-liberatore\/2005\/09\/27\/miercoles-y-miercoles\/","title":{"rendered":"mi\u00e9rcoles y mi\u00e9rcoles"},"content":{"rendered":"<p>Gente de Redacci\u00f3n<br \/>\nEl d\u00eda 28 de septiembre no tendremos clases pero, nos reencontraremos el 5 de octubre, a pesar de que simult\u00e1neamente se lleve a cabo el Congreso de REDCOM.<br \/>\nRecordar estudiar unidad N\u00ba 5.<br \/>\nSaluditos muy atentos y cordiales.<\/p>\n","protected":false},"excerpt":{"rendered":"<p>Gente de Redacci\u00f3n El d\u00eda 28 de septiembre no tendremos clases pero, nos reencontraremos el 5 de octubre, a pesar de que simult\u00e1neamente se lleve a cabo el Congreso de REDCOM. Recordar estudiar unidad N\u00ba 5. Saluditos muy atentos y cordiales.<\/p>\n","protected":false},"author":19,"featured_media":0,"comment_status":"open","ping_status":"closed","sticky":false,"template":"","format":"standard","meta":{"footnotes":""},"categories":[3],"tags":[],"_links":{"self":[{"href":"https:\/\/redaccion1.fcpolit.unr.edu.ar\/comision-liberatore\/wp-json\/wp\/v2\/posts\/17"}],"collection":[{"href":"https:\/\/redaccion1.fcpolit.unr.edu.ar\/comision-liberatore\/wp-json\/wp\/v2\/posts"}],"about":[{"href":"https:\/\/redaccion1.fcpolit.unr.edu.ar\/comision-liberatore\/wp-json\/wp\/v2\/types\/post"}],"author":[{"embeddable":true,"href":"https:\/\/redaccion1.fcpolit.unr.edu.ar\/comision-liberatore\/wp-json\/wp\/v2\/users\/19"}],"replies":[{"embeddable":true,"href":"https:\/\/redaccion1.fcpolit.unr.edu.ar\/comision-liberatore\/wp-json\/wp\/v2\/comments?post=17"}],"version-history":[{"count":0,"href":"https:\/\/redaccion1.fcpolit.unr.edu.ar\/comision-liberatore\/wp-json\/wp\/v2\/posts\/17\/revisions"}],"wp:attachment":[{"href":"https:\/\/redaccion1.fcpolit.unr.edu.ar\/comision-liberatore\/wp-json\/wp\/v2\/media?parent=17"}],"wp:term":[{"taxonomy":"category","embeddable":true,"href":"https:\/\/redaccion1.fcpolit.unr.edu.ar\/comision-liberatore\/wp-json\/wp\/v2\/categories?post=17"},{"taxonomy":"post_tag","embeddable":true,"href":"https:\/\/redaccion1.fcpolit.unr.edu.ar\/comision-liberatore\/wp-json\/wp\/v2\/tags?post=17"}],"curies":[{"name":"wp","href":"https:\/\/api.w.org\/{rel}","templated":true}]}}