{"id":1695,"date":"2017-10-09T13:05:40","date_gmt":"2017-10-09T13:05:40","guid":{"rendered":"http:\/\/fcpolit.unr.edu.ar\/blogs\/redaccion1-liberatore\/?p=1695"},"modified":"2017-10-09T13:05:40","modified_gmt":"2017-10-09T13:05:40","slug":"propuesta-para-trabajar-miercoles-11","status":"publish","type":"post","link":"https:\/\/redaccion1.fcpolit.unr.edu.ar\/comision-liberatore\/2017\/10\/09\/propuesta-para-trabajar-miercoles-11\/","title":{"rendered":"Propuesta para trabajar mi\u00e9rcoles 11"},"content":{"rendered":"<p>Presentaci\u00f3n de la idea<\/p>\n<p>Encuadre: el contenido de la clase se enmarca en el desarrollo de las discusiones y la ligera visibilizaci\u00f3n que vienen teniendo las relaciones, y la violencia, de g\u00e9nero que se dan en nuestra sociedad. Tomando en cuenta la pr\u00f3xima realizaci\u00f3n del Encuentro Nacional de Mujeres (ENM), que se va a llevar a cabo en Chaco.<\/p>\n<p>El surgimiento del #NiUnaMenos el 3 de junio de 2014 marc\u00f3 un quiebre en la mirada que lxs argentinxs tenemos de la violencia de g\u00e9nero e instal\u00f3 un piso de debate y de praxis m\u00e1s elevado al momento de tratar dichas cuestiones. Un hecho que se ve reflejado en los medios de comunicaci\u00f3n, a partir de la introducci\u00f3n de nuevas tem\u00e1ticas y categor\u00edas (como \u201cfemicidio\u201d o \u201cfeminismo\u201d), sin embargo, esta ruptura no se dio en su totalidad, ya que los medios masivos de comunicaci\u00f3n a\u00fan siguen abordando el tema de la violencia de una forma sexista, machista, clasista y prejuiciosa.<\/p>\n<p>Debido a esta cuesti\u00f3n queremos desarrollar una discusi\u00f3n cr\u00edtica y una visibilizaci\u00f3n de c\u00f3mo se materializan en los medios las problem\u00e1ticas que afectan a las personas, y fundamentalmente a las mujeres, a partir del g\u00e9nero.<\/p>\n<p>A la vez tambi\u00e9n visibilizar todas las experiencias que anteceden desde hace a\u00f1os las discusiones que se dan hoy en d\u00eda (por ejemplo el ENM), para aportar en una mirada del trabajo que se da desde la sociedad para enfrentar la violencia de g\u00e9nero.<\/p>\n<p>Nuestro objetivo en general es construir en conjunto con lxs estudiantes herramientas que nos permitan comprender como se juegan estas pr\u00e1cticas en la sociedad, poniendo en cuesti\u00f3n los supuestos que surgen desde el sentido com\u00fan que difunden los medios.<\/p>\n<p>Objetivos espec\u00edficos de la clase:<\/p>\n<ul>\n<li>Sensibilizar acerca de las tem\u00e1ticas de g\u00e9nero, fundamentalmente la violencia y todas sus manifestaciones<\/li>\n<li>Problematizar colectivamente y abrir interrogantes en torno a las representaciones y supuestos que tengan lxs estudiantes acerca de la tem\u00e1tica planteada<\/li>\n<li>Producir y compartir breves textos en clase para realizar una puesta en com\u00fan sobre lo reflexionado<\/li>\n<li>Generar un acercamiento a la tem\u00e1tica que pueda orientar a lxs estudiantes para abordar la bibliograf\u00eda propuesta y la producci\u00f3n final del trabajo que entrar\u00eda en la publicaci\u00f3n<\/li>\n<li>Concientizar sobre c\u00f3mo nos atraviesan las relaciones de g\u00e9nero como sociedad<\/li>\n<\/ul>\n<p>&nbsp;<\/p>\n<p>&nbsp;<\/p>\n<p>&nbsp;<\/p>\n","protected":false},"excerpt":{"rendered":"<p>Presentaci\u00f3n de la idea Encuadre: el contenido de la clase se enmarca en el desarrollo de las discusiones y la ligera visibilizaci\u00f3n que vienen teniendo las relaciones, y la violencia, de g\u00e9nero que se dan en nuestra sociedad. Tomando en cuenta la pr\u00f3xima realizaci\u00f3n del Encuentro Nacional de Mujeres (ENM), que se va a llevar [&hellip;]<\/p>\n","protected":false},"author":16,"featured_media":0,"comment_status":"open","ping_status":"open","sticky":false,"template":"","format":"standard","meta":{"footnotes":""},"categories":[23,24],"tags":[],"_links":{"self":[{"href":"https:\/\/redaccion1.fcpolit.unr.edu.ar\/comision-liberatore\/wp-json\/wp\/v2\/posts\/1695"}],"collection":[{"href":"https:\/\/redaccion1.fcpolit.unr.edu.ar\/comision-liberatore\/wp-json\/wp\/v2\/posts"}],"about":[{"href":"https:\/\/redaccion1.fcpolit.unr.edu.ar\/comision-liberatore\/wp-json\/wp\/v2\/types\/post"}],"author":[{"embeddable":true,"href":"https:\/\/redaccion1.fcpolit.unr.edu.ar\/comision-liberatore\/wp-json\/wp\/v2\/users\/16"}],"replies":[{"embeddable":true,"href":"https:\/\/redaccion1.fcpolit.unr.edu.ar\/comision-liberatore\/wp-json\/wp\/v2\/comments?post=1695"}],"version-history":[{"count":0,"href":"https:\/\/redaccion1.fcpolit.unr.edu.ar\/comision-liberatore\/wp-json\/wp\/v2\/posts\/1695\/revisions"}],"wp:attachment":[{"href":"https:\/\/redaccion1.fcpolit.unr.edu.ar\/comision-liberatore\/wp-json\/wp\/v2\/media?parent=1695"}],"wp:term":[{"taxonomy":"category","embeddable":true,"href":"https:\/\/redaccion1.fcpolit.unr.edu.ar\/comision-liberatore\/wp-json\/wp\/v2\/categories?post=1695"},{"taxonomy":"post_tag","embeddable":true,"href":"https:\/\/redaccion1.fcpolit.unr.edu.ar\/comision-liberatore\/wp-json\/wp\/v2\/tags?post=1695"}],"curies":[{"name":"wp","href":"https:\/\/api.w.org\/{rel}","templated":true}]}}