{"id":166,"date":"2010-04-21T01:08:25","date_gmt":"2010-04-21T01:08:25","guid":{"rendered":"http:\/\/fcpolit.unr.edu.ar\/blogs\/redaccion1-liberatore\/2010\/04\/21\/comenzamos-con-el-taller-de-lectura\/"},"modified":"2010-04-21T01:08:25","modified_gmt":"2010-04-21T01:08:25","slug":"comenzamos-con-el-taller-de-lectura","status":"publish","type":"post","link":"https:\/\/redaccion1.fcpolit.unr.edu.ar\/comision-liberatore\/2010\/04\/21\/comenzamos-con-el-taller-de-lectura\/","title":{"rendered":"\u00a1Comenzamos con el taller de lectura!"},"content":{"rendered":"<p><img loading=\"lazy\" decoding=\"async\" alt=\"Comenzamos%20con%20el%20taller%20de%20lectura.jpg\" src=\"http:\/\/www.bdp.org.ar\/facultad\/catedras\/comsoc\/redaccion1\/liberatore\/Comenzamos%20con%20el%20taller%20de%20lectura.jpg\" width=\"300\" height=\"175\" hspace=\"15\" align=\"right\"><br \/>\nLuego de los saludos iniciales, yo tambi\u00e9n les doy la bienvenida a los chicos de la comisi\u00f3n n\u00famero 7 (la de las 19.30hs) y como ya inform\u00f3 Ana en la entrada anterior, me sumo como auxiliar alumno para que trabajemos juntos durante todo este 2010.<\/p>\n<p><!--more--><br \/>\nFormalmente me presento, soy Juan Dellepiane, estudiante de 5\u00ba a\u00f1o de Comunicaci\u00f3n Social, esta ser\u00e1 mi quinta experiencia como ayudante alumno en la c\u00e1tedra y pondremos en marcha, en los distintos encuentros, el \u201ctaller de lectura\u201d. A prop\u00f3sito, ya les dejo este link de la actividad \u201c<a href=\"http:\/\/www.bdp.org.ar\/facultad\/catedras\/comsoc\/redaccion1\/unidades\/2008\/03\/escribir_como_oficio.php\">Escribir como oficio<\/a>\u201d para que vayan adentr\u00e1ndose en lo que presentaremos hoy en la clase.<br \/>\nSeguramente, en el transcurso del a\u00f1o nos iremos conociendo, s\u00f3lo resta concentrar energ\u00edas y poner manos a la obra. \u00a1Excelente a\u00f1o para todos!<\/p>\n","protected":false},"excerpt":{"rendered":"<p>Luego de los saludos iniciales, yo tambi\u00e9n les doy la bienvenida a los chicos de la comisi\u00f3n n\u00famero 7 (la de las 19.30hs) y como ya inform\u00f3 Ana en la entrada anterior, me sumo como auxiliar alumno para que trabajemos juntos durante todo este 2010.<\/p>\n","protected":false},"author":23,"featured_media":0,"comment_status":"open","ping_status":"closed","sticky":false,"template":"","format":"standard","meta":{"footnotes":""},"categories":[3],"tags":[],"_links":{"self":[{"href":"https:\/\/redaccion1.fcpolit.unr.edu.ar\/comision-liberatore\/wp-json\/wp\/v2\/posts\/166"}],"collection":[{"href":"https:\/\/redaccion1.fcpolit.unr.edu.ar\/comision-liberatore\/wp-json\/wp\/v2\/posts"}],"about":[{"href":"https:\/\/redaccion1.fcpolit.unr.edu.ar\/comision-liberatore\/wp-json\/wp\/v2\/types\/post"}],"author":[{"embeddable":true,"href":"https:\/\/redaccion1.fcpolit.unr.edu.ar\/comision-liberatore\/wp-json\/wp\/v2\/users\/23"}],"replies":[{"embeddable":true,"href":"https:\/\/redaccion1.fcpolit.unr.edu.ar\/comision-liberatore\/wp-json\/wp\/v2\/comments?post=166"}],"version-history":[{"count":0,"href":"https:\/\/redaccion1.fcpolit.unr.edu.ar\/comision-liberatore\/wp-json\/wp\/v2\/posts\/166\/revisions"}],"wp:attachment":[{"href":"https:\/\/redaccion1.fcpolit.unr.edu.ar\/comision-liberatore\/wp-json\/wp\/v2\/media?parent=166"}],"wp:term":[{"taxonomy":"category","embeddable":true,"href":"https:\/\/redaccion1.fcpolit.unr.edu.ar\/comision-liberatore\/wp-json\/wp\/v2\/categories?post=166"},{"taxonomy":"post_tag","embeddable":true,"href":"https:\/\/redaccion1.fcpolit.unr.edu.ar\/comision-liberatore\/wp-json\/wp\/v2\/tags?post=166"}],"curies":[{"name":"wp","href":"https:\/\/api.w.org\/{rel}","templated":true}]}}