{"id":1604,"date":"2017-08-04T23:33:19","date_gmt":"2017-08-04T23:33:19","guid":{"rendered":"http:\/\/fcpolit.unr.edu.ar\/blogs\/redaccion1-liberatore\/?p=1604"},"modified":"2017-08-04T23:33:19","modified_gmt":"2017-08-04T23:33:19","slug":"resumen-trayecto-6-3","status":"publish","type":"post","link":"https:\/\/redaccion1.fcpolit.unr.edu.ar\/comision-liberatore\/2017\/08\/04\/resumen-trayecto-6-3\/","title":{"rendered":"Resumen Trayecto 6"},"content":{"rendered":"<p><a href=\"https:\/\/blogs.fcpolit.unr.edu.ar\/redaccion1-liberatore\/files\/2017\/08\/COMISION-6.png\"><img loading=\"lazy\" decoding=\"async\" class=\"alignleft size-thumbnail wp-image-1605\" src=\"https:\/\/blogs.fcpolit.unr.edu.ar\/redaccion1-liberatore\/files\/2017\/08\/COMISION-6-150x150.png\" alt=\"\" width=\"150\" height=\"150\" \/><\/a><\/p>\n<p>Por Isaac Moreno<\/p>\n<p>El d\u00eda 2 de Agosto hemos tenido en\u00a0la comisi\u00f3n 6,\u00a0 la primera clase despu\u00e9s de las Vacaciones de invierno.<\/p>\n<p>A pesar de ser pocos los presentes en la clase ya que muchos se ausentaron por cuestiones particulares la clase se desarrollo normalmente. Hablamos de las lecturas por placer durante un largo periodo.<\/p>\n<p>Cabe resaltar que hemos comentado sobre la pel\u00edcula &#8220;El Lector&#8221; y yo, en particular recomend\u00e9 la pel\u00edcula &#8220;El abuelo que salt\u00f3 por la ventana y y se larg\u00f3&#8221;. \u00a0Tambi\u00e9n una compa\u00f1era nos recomend\u00f3 asistir al &#8220;Congreso por los 100 a\u00f1os de la Revoluci\u00f3n Rusa&#8221; debido a que el mismo nos brindar\u00e1 ciertos beneficios para el d\u00eda que nos hayamos recibido.<\/p>\n<p>A continuaci\u00f3n hablamos sobre los \u00faltimos textos de la Unidad 2 y dimos inicio a la Unidad 3.<\/p>\n<p>Como consigna la Lic y Profesora Ana nos dicto lo siguiente:<\/p>\n<p>1-Eleg\u00ed un texto de inter\u00e9s personal no menor de una carilla.<\/p>\n<p>2-Elegi \u00a03 autores (de los 6 nombrados en la Unidad tres) que clasifican textos y analiza tu texto con sus propuestas.<\/p>\n<p>3-Fundamenta tus decisiones<\/p>\n<p><strong>Importante:<\/strong><\/p>\n<p>Para la pr\u00f3xima clase estudiar los \u00faltimos dos puntos de la Unidad N\u00b03<\/p>\n","protected":false},"excerpt":{"rendered":"<p>Por Isaac Moreno El d\u00eda 2 de Agosto hemos tenido en\u00a0la comisi\u00f3n 6,\u00a0 la primera clase despu\u00e9s de las Vacaciones de invierno. A pesar de ser pocos los presentes en la clase ya que muchos se ausentaron por cuestiones particulares la clase se desarrollo normalmente. Hablamos de las lecturas por placer durante un largo periodo. [&hellip;]<\/p>\n","protected":false},"author":16,"featured_media":0,"comment_status":"open","ping_status":"open","sticky":false,"template":"","format":"standard","meta":{"footnotes":""},"categories":[23,24],"tags":[],"_links":{"self":[{"href":"https:\/\/redaccion1.fcpolit.unr.edu.ar\/comision-liberatore\/wp-json\/wp\/v2\/posts\/1604"}],"collection":[{"href":"https:\/\/redaccion1.fcpolit.unr.edu.ar\/comision-liberatore\/wp-json\/wp\/v2\/posts"}],"about":[{"href":"https:\/\/redaccion1.fcpolit.unr.edu.ar\/comision-liberatore\/wp-json\/wp\/v2\/types\/post"}],"author":[{"embeddable":true,"href":"https:\/\/redaccion1.fcpolit.unr.edu.ar\/comision-liberatore\/wp-json\/wp\/v2\/users\/16"}],"replies":[{"embeddable":true,"href":"https:\/\/redaccion1.fcpolit.unr.edu.ar\/comision-liberatore\/wp-json\/wp\/v2\/comments?post=1604"}],"version-history":[{"count":0,"href":"https:\/\/redaccion1.fcpolit.unr.edu.ar\/comision-liberatore\/wp-json\/wp\/v2\/posts\/1604\/revisions"}],"wp:attachment":[{"href":"https:\/\/redaccion1.fcpolit.unr.edu.ar\/comision-liberatore\/wp-json\/wp\/v2\/media?parent=1604"}],"wp:term":[{"taxonomy":"category","embeddable":true,"href":"https:\/\/redaccion1.fcpolit.unr.edu.ar\/comision-liberatore\/wp-json\/wp\/v2\/categories?post=1604"},{"taxonomy":"post_tag","embeddable":true,"href":"https:\/\/redaccion1.fcpolit.unr.edu.ar\/comision-liberatore\/wp-json\/wp\/v2\/tags?post=1604"}],"curies":[{"name":"wp","href":"https:\/\/api.w.org\/{rel}","templated":true}]}}