{"id":1544,"date":"2017-05-24T22:23:56","date_gmt":"2017-05-24T22:23:56","guid":{"rendered":"http:\/\/fcpolit.unr.edu.ar\/blogs\/redaccion1-liberatore\/?p=1544"},"modified":"2017-05-24T22:23:56","modified_gmt":"2017-05-24T22:23:56","slug":"resumen-clase-17-de-mayo","status":"publish","type":"post","link":"https:\/\/redaccion1.fcpolit.unr.edu.ar\/comision-liberatore\/2017\/05\/24\/resumen-clase-17-de-mayo\/","title":{"rendered":"Resumen clase 17 de Mayo"},"content":{"rendered":"<p align=\"justify\"><span style=\"font-family: Verdana, serif\"><span style=\"font-size: small\"><span lang=\"es-ES\">Por Mar\u00eda Fernanda Juarez<a href=\"https:\/\/blogs.fcpolit.unr.edu.ar\/redaccion1-liberatore\/files\/2017\/05\/Mar\u00eda-Fernanda-Ju\u00e1rez.jpg\"><img loading=\"lazy\" decoding=\"async\" class=\"alignleft size-thumbnail wp-image-1545\" src=\"https:\/\/blogs.fcpolit.unr.edu.ar\/redaccion1-liberatore\/files\/2017\/05\/Mar\u00eda-Fernanda-Ju\u00e1rez-150x150.jpg\" alt=\"\" width=\"150\" height=\"150\" \/><\/a><\/span><\/span><\/span><\/p>\n<p align=\"justify\"><span style=\"color: #000000\"><span style=\"font-family: Verdana, serif\"><span style=\"font-size: small\"><span lang=\"es-ES\">El d\u00eda Mi\u00e9rcoles 17 volvimos a dar el presente a la cita semanal de Redacci\u00f3n pero esta vez el aula no estaba completa, de hecho se notaba la ausencia de los alumnos, quedaron libres varias computadoras porque muchos de ellos asistieron al viaje de los Medios en Buenos Aires, organizado por agrupaciones Pol\u00edticas de la Facultad.<\/span><\/span><\/span><\/span><br \/>\n<!--more--><span style=\"color: #000000\"><span style=\"font-family: Verdana, serif\"><span style=\"font-size: small\"><span lang=\"es-ES\">A pocos minutos de comenzar la clase la profesora dijo las palabras m\u00e1gicas: &#8220;\u00bfQui\u00e9n me cuenta lo que ley\u00f3 esta semana?&#8221;. Luego de un profundo silencio rompi\u00f3 el hielo Cecilia Malasecheverria que en su paso por la Feria del Libro visit\u00f3 el stand de La Garganta Poderosa, Revista que se hizo conocida por tener en su portada a una personalidad destacada gritando destempladamente, como pas\u00f3 con el Indio Solari, Ren\u00e9 de Residente, Maradona, Estela de Carlotto, Evo Morales, Pepe Mujica, Messi, T\u00e9vez, Sabina, Eduardo Galeano, La Mona y tantos otros. Ceci pudo conseguir el nuevo libro que publicitan con sus quince mejores reportajes y el detr\u00e1s de escena de esas entrevistas, las historias de vida de quienes las hicieron y todo el protagonismo de la cultura villera.<\/span><\/span><\/span><\/span><\/p>\n<p><span style=\"color: #000000\"><span style=\"font-family: Verdana, serif\"><span style=\"font-size: small\"><span lang=\"es-ES\">Luego tom\u00f3 el mando Luciano, contando sobre una noticia que ley\u00f3 en un blog de tecnolog\u00eda que suele frecuentar. &#8220;Aviones supers\u00f3nicos conectar\u00e1n dos ciudades de EEUU en dos horas&#8221;, lo m\u00e1s extravagante de la nota es que atravesar\u00e1 la estrat\u00f3sfera mientras vemos las estrellas.<\/span><\/span><\/span><\/span><\/p>\n<p align=\"justify\"><span style=\"color: #000000\"><span style=\"font-family: Verdana, serif\"><span style=\"font-size: small\"><span lang=\"es-ES\">Agostina retom\u00f3 el debate sobre el 2&#215;1, beneficio que fue incorporado en la ley 24.390 sancionada en Noviembre de 1994. El art\u00edculo 7 de esa norma establec\u00eda que, transcurrido el plazo de dos a\u00f1os previsto en la ley, se deb\u00eda computar doble cada d\u00eda de prisi\u00f3n preventiva, solo para las personas detenidas sin sentencia firme.<\/span><\/span><\/span><\/span><\/p>\n<p align=\"justify\"><span style=\"color: #000000\"><span style=\"font-family: Verdana, serif\"><span style=\"font-size: small\"><span lang=\"es-ES\">Y qui\u00e9n les escribe comento la situaci\u00f3n que est\u00e1 viviendo el Sur Santafesino donde se declar\u00f3 Emergencia H\u00eddrica Nacional. El Portal de Noticias La Tribuna del Sur inform\u00f3 que &#8220;No sal\u00eda agua de La Laguna La Picasa porque las compuertas estaban soldadas&#8221; haciendo referencia tambi\u00e9n a que el Presidente Comunal de Castellanos las desold\u00f3 para que salgan los 5 metros c\u00fabicos por segundo como nunca debi\u00f3 dejar de suceder. Este tema se extendi\u00f3 a varios compa\u00f1eros ya que viven en carne propia esta situaci\u00f3n y cada uno cont\u00f3 c\u00f3mo lo padecen y que se dice en su pueblo.<\/span><\/span><\/span><\/span><\/p>\n<p align=\"justify\"><span style=\"color: #000000\"><span style=\"font-family: Verdana, serif\"><span style=\"font-size: small\"><span lang=\"es-ES\">Bajo el asombro de todos, Brenda le pidi\u00f3 un consejo a la profesora sobre un tema que la estaba preocupando, no sab\u00eda como tener el h\u00e1bito de la lectura por falta de tiempo, comprendimos su situaci\u00f3n y le brindamos distintas posibilidades desde la experiencia que cada uno tiene.<\/span><\/span><\/span><\/span><\/p>\n<p align=\"justify\"><span style=\"color: #000000\"><span style=\"font-family: Verdana, serif\"><span style=\"font-size: small\"><span lang=\"es-ES\">Habiendo pasado un largo tiempo de charla sobre lectura por placer, comenzamos con la teor\u00eda de el texto base N\u00ba 7: &#8220;<\/span><\/span><\/span><\/span><span style=\"color: #000000\"><span style=\"font-family: Verdana, serif\"><span style=\"font-size: small\"><span lang=\"es-ES\"><b>Noci\u00f3n de Audiencia&#8221;<\/b><\/span><\/span><\/span><\/span><span style=\"color: #000000\"><span style=\"font-family: Verdana, serif\"><span style=\"font-size: small\"><span lang=\"es-ES\">.<\/span><\/span><\/span><\/span><\/p>\n<p align=\"justify\"><span style=\"color: #000000\"><span style=\"font-family: Verdana, serif\"><span style=\"font-size: small\"><span lang=\"es-ES\">\u00bfQue es la <\/span><\/span><\/span><\/span><span style=\"color: #000000\"><span style=\"font-family: Verdana, serif\"><span style=\"font-size: small\"><span lang=\"es-ES\"><i>Audiencia<\/i><\/span><\/span><\/span><\/span><span style=\"color: #000000\"><span style=\"font-family: Verdana, serif\"><span style=\"font-size: small\"><span lang=\"es-ES\">? &#8220;Es el conjunto de Personas que constituyen los lectores, oyentes de radio, y televidentes de los distintos medios de comunicaci\u00f3n, programas o art\u00edculos.&#8221; (p\u00fablicos\/receptores\/prosumidores).<\/span><\/span><\/span><\/span><\/p>\n<p align=\"justify\"><span style=\"color: #000000\"><span style=\"font-family: Verdana, serif\"><span style=\"font-size: small\"><span lang=\"es-ES\">Tiene un <\/span><\/span><\/span><\/span><span style=\"color: #000000\"><span style=\"font-family: Verdana, serif\"><span style=\"font-size: small\"><span lang=\"es-ES\"><i>car\u00e1cter dual<\/i><\/span><\/span><\/span><\/span><span style=\"color: #000000\"><span style=\"font-family: Verdana, serif\"><span style=\"font-size: small\"><span lang=\"es-ES\"> donde un medio abastece al p\u00fablico que, de ante mano, espera algo de \u00e9l y a su vez crea su propia audiencia.<\/span><\/span><\/span><\/span><\/p>\n<p align=\"justify\"><span style=\"color: #000000\"><span style=\"font-family: Verdana, serif\"><span style=\"font-size: small\"><span lang=\"es-ES\">Tambi\u00e9n es <\/span><\/span><\/span><\/span><span style=\"color: #000000\"><span style=\"font-family: Verdana, serif\"><span style=\"font-size: small\"><span lang=\"es-ES\"><i>multiaudiencia<\/i><\/span><\/span><\/span><\/span><span style=\"color: #000000\"><span style=\"font-family: Verdana, serif\"><span style=\"font-size: small\"><span lang=\"es-ES\">, permitiendo a una misma persona atender distintos medios de comunicaci\u00f3n y asumir comportamientos propios de diferentes audiencias pudiendo ser temporal (noticieros) o atemporal (libros).<\/span><\/span><\/span><\/span><\/p>\n<p align=\"justify\"><span style=\"color: #000000\"><span style=\"font-family: Verdana, serif\"><span style=\"font-size: small\"><span lang=\"es-ES\">Tiene diferentes variables de clasificaci\u00f3n para una correcta segmentaci\u00f3n del publico: edad, nivel educativo, inter\u00e9s cultural o ideol\u00f3gico, nivel geogr\u00e1fico.<\/span><\/span><\/span><\/span><\/p>\n<p lang=\"en-US\" align=\"justify\"><span style=\"font-family: Verdana, serif\"><span style=\"font-size: small\"><span lang=\"en-US\">Comenzamos, casi llegando al final de la clase, con el texto que se encuentra el el blog de Redacci\u00f3n: &#8220;<\/span><\/span><\/span><span style=\"color: #000000\"><span style=\"font-family: Verdana, serif\"><span style=\"font-size: small\"><b>Nuevas alfabetizaciones en la cultura digital<\/b><\/span><\/span><\/span><span style=\"color: #000000\"><span style=\"font-family: Verdana, serif\"><span style=\"font-size: small\">&#8221; (<\/span><\/span><\/span><span style=\"color: #000000\"><span style=\"font-family: Verdana, serif\"><span style=\"font-size: small\"><i><a href=\"http:\/\/www.mediosyenteros.org.ar\/home\/?p=1330\">http:\/\/www.mediosyenteros.org.ar\/home\/?p=1330<\/a>)<\/i><\/span><\/span><\/span><\/p>\n<p align=\"justify\"><span style=\"color: #000000\"><span style=\"font-family: Verdana, serif\"><span style=\"font-size: small\">Una vez le\u00eddo, debemos responder las siguientes consignas:<\/span><\/span><\/span><\/p>\n<p align=\"justify\"><span style=\"font-family: Verdana, serif\"><span style=\"font-size: small\"><span lang=\"es-ES\">Alfabetizaci\u00f3n Digital.<\/span><\/span><\/span><\/p>\n<ol>\n<li>\n<p align=\"left\"><span style=\"font-family: Verdana, serif\"><span style=\"font-size: small\"><span lang=\"es-ES\">\u00bfQue significa alfabetizaci\u00f3n Digital? \u00bfComo se relaciona esta idea con el concepto de p\u00fablicos?<\/span><\/span><\/span><\/p>\n<\/li>\n<li>\n<p align=\"left\"><span style=\"font-family: Verdana, serif\"><span style=\"font-size: small\"><span lang=\"es-ES\">De acuerdo en lo planteado en el texto, \u00bfCu\u00e1l es tu caracter\u00edstica como publico?<\/span><\/span><\/span><\/p>\n<\/li>\n<li>\n<p align=\"left\"><span style=\"font-family: Verdana, serif\"><span style=\"font-size: small\"><span lang=\"es-ES\">\u00bfQue aspectos de los medios digitales se pueden incorporar a las caracter\u00edsticas de p\u00fablicos tradicionales?<\/span><\/span><\/span><\/p>\n<\/li>\n<\/ol>\n<p align=\"justify\"><span style=\"font-family: Verdana, serif\"><span style=\"font-size: small\"><span lang=\"en-US\">Recuerden que quien no lo termin\u00f3 en clase debe mandarlo en formato digital antes del mi\u00e9rcoles al correo personal de Ana.<\/span><\/span><\/span><\/p>\n<p align=\"justify\"><span style=\"font-family: Verdana, serif\"><span style=\"font-size: small\"><span lang=\"en-US\">Para terminar, los motivo a leer y descubrir que les apasiona, tecnolog\u00eda, cultura, pol\u00edtica, ecolog\u00eda y muchos temas m\u00e1s para investigar y sentirse a gusto en el momento de compartir sus lecturas por placer.<\/span><\/span><\/span><\/p>\n<p align=\"justify\">\n<span style=\"font-family: Verdana, serif\"><span style=\"font-size: small\"><span lang=\"en-US\">\u00a1Buen finde fr\u00edo!<\/span><\/span><\/span><\/p>\n<p align=\"justify\">\n<p align=\"justify\">\n","protected":false},"excerpt":{"rendered":"<p>Por Mar\u00eda Fernanda Juarez El d\u00eda Mi\u00e9rcoles 17 volvimos a dar el presente a la cita semanal de Redacci\u00f3n pero esta vez el aula no estaba completa, de hecho se notaba la ausencia de los alumnos, quedaron libres varias computadoras porque muchos de ellos asistieron al viaje de los Medios en Buenos Aires, organizado por [&hellip;]<\/p>\n","protected":false},"author":16,"featured_media":0,"comment_status":"open","ping_status":"open","sticky":false,"template":"","format":"standard","meta":{"footnotes":""},"categories":[23,24],"tags":[],"_links":{"self":[{"href":"https:\/\/redaccion1.fcpolit.unr.edu.ar\/comision-liberatore\/wp-json\/wp\/v2\/posts\/1544"}],"collection":[{"href":"https:\/\/redaccion1.fcpolit.unr.edu.ar\/comision-liberatore\/wp-json\/wp\/v2\/posts"}],"about":[{"href":"https:\/\/redaccion1.fcpolit.unr.edu.ar\/comision-liberatore\/wp-json\/wp\/v2\/types\/post"}],"author":[{"embeddable":true,"href":"https:\/\/redaccion1.fcpolit.unr.edu.ar\/comision-liberatore\/wp-json\/wp\/v2\/users\/16"}],"replies":[{"embeddable":true,"href":"https:\/\/redaccion1.fcpolit.unr.edu.ar\/comision-liberatore\/wp-json\/wp\/v2\/comments?post=1544"}],"version-history":[{"count":0,"href":"https:\/\/redaccion1.fcpolit.unr.edu.ar\/comision-liberatore\/wp-json\/wp\/v2\/posts\/1544\/revisions"}],"wp:attachment":[{"href":"https:\/\/redaccion1.fcpolit.unr.edu.ar\/comision-liberatore\/wp-json\/wp\/v2\/media?parent=1544"}],"wp:term":[{"taxonomy":"category","embeddable":true,"href":"https:\/\/redaccion1.fcpolit.unr.edu.ar\/comision-liberatore\/wp-json\/wp\/v2\/categories?post=1544"},{"taxonomy":"post_tag","embeddable":true,"href":"https:\/\/redaccion1.fcpolit.unr.edu.ar\/comision-liberatore\/wp-json\/wp\/v2\/tags?post=1544"}],"curies":[{"name":"wp","href":"https:\/\/api.w.org\/{rel}","templated":true}]}}