{"id":1530,"date":"2017-05-06T12:06:57","date_gmt":"2017-05-06T12:06:57","guid":{"rendered":"http:\/\/fcpolit.unr.edu.ar\/blogs\/redaccion1-liberatore\/?p=1530"},"modified":"2017-05-06T12:06:57","modified_gmt":"2017-05-06T12:06:57","slug":"resumen-clase-del-030517","status":"publish","type":"post","link":"https:\/\/redaccion1.fcpolit.unr.edu.ar\/comision-liberatore\/2017\/05\/06\/resumen-clase-del-030517\/","title":{"rendered":"Resumen clase del 03\/05\/17"},"content":{"rendered":"<p><a href=\"https:\/\/blogs.fcpolit.unr.edu.ar\/redaccion1-liberatore\/files\/2017\/05\/18308778_10209782242493578_1181292805_n.jpg\"><img loading=\"lazy\" decoding=\"async\" class=\"alignleft size-thumbnail wp-image-1531\" src=\"https:\/\/blogs.fcpolit.unr.edu.ar\/redaccion1-liberatore\/files\/2017\/05\/18308778_10209782242493578_1181292805_n-150x150.jpg\" alt=\"\" width=\"150\" height=\"150\" \/><\/a><br \/>\n\u00c1lvaro Mat\u00e9<br \/>\nEl pasado mi\u00e9rcoles nos encontr\u00e1bamos, como siempre, en el aula de computaci\u00f3n de la facultad, para dar comienzo a la clase de Redacci\u00f3n 1, y luego de alguna que otra consulta frecuente sobre la correcci\u00f3n de los trabajos pr\u00e1cticos, comenz\u00f3, como suele ser habitual, con el repaso de las lecturas personales de cada uno, yo coment\u00e9, que hab\u00eda adquirido \u201cEl Manifiesto Comunista\u201d de Karl Marx y Friederich Engels, una compa\u00f1era mencion\u00f3 su lectura de \u201cLa resistencia\u201d de Ernesto S\u00e1bato, lo cual dispar\u00f3 un debate sobre las diferencias entre las vidas de pueblo y ciudad, y adem\u00e1s, un libro de dinosaurios con realidad virtual aumentada result\u00f3 novedoso.<\/p>\n<p><!--more--><br \/>\nLuego pasamos al trabajo de los textos bases, 5 y 6, previamente se\u00f1alados por la profesora la anterior clase. Estos textos se\u00f1alaban la importancia de un orden y de una planificaci\u00f3n, previas al proceso de escritura, resalta la importancia de los borradores, ya que estos funcionan, seg\u00fan el autor, como testigos de la recursividad del proceso del escritor.<br \/>\nYa transcurrida m\u00e1s de la mitad de la clase la profesora propuso, en relaci\u00f3n al texto anteriormente trabajado, de Mar\u00eda Teresa Seraffini, que hac\u00eda referencia al acopio y la generaci\u00f3n de ideas, seleccionar una tem\u00e1tica, que result\u00f3, mediante la elecci\u00f3n democr\u00e1tica, ser la de \u201cm\u00e9todos de estudio acad\u00e9mico\u201d, y a partir de esta hacer una lluvia de ideas colectiva, las propuestas que se iban diciendo iban a parar al pizarr\u00f3n, para luego asociarlas en grupos seg\u00fan relaciones de asociaci\u00f3n.\u00a0 Finalizada esta misma, qued\u00f3 pautada la actividad, tomando como punto de partida el problema ret\u00f3rico ya definido deb\u00edamos elaborar un texto comunicable, cada uno por su parte comenz\u00f3 con la redacci\u00f3n.\u00a0 Me parece interesante remarcar que para la actividad la profesora solicit\u00f3 que se guarden todos los borradores, con el f\u00edn de que sean entregados con el trabajo ya finalizado.<\/p>\n<p>Ya en la parte final de la clase, la docente a cargo, remarc\u00f3 que el pr\u00f3ximo encuentro ser\u00eda, de no mediar inconvenientes, dentro 15 d\u00edas, el 17 del mes corriente, ya que en la semana venidera los docentes tomar\u00e1n medidas de fuerza y no se dictar\u00e1n clases. Y previo al t\u00e9rmino del encuentro record\u00f3 que deb\u00edamos llevar le\u00eddos los textos bases 7 y 8, junto con las lecturas personales, al pr\u00f3ximo encuentro.<\/p>\n","protected":false},"excerpt":{"rendered":"<p>\u00c1lvaro Mat\u00e9 El pasado mi\u00e9rcoles nos encontr\u00e1bamos, como siempre, en el aula de computaci\u00f3n de la facultad, para dar comienzo a la clase de Redacci\u00f3n 1, y luego de alguna que otra consulta frecuente sobre la correcci\u00f3n de los trabajos pr\u00e1cticos, comenz\u00f3, como suele ser habitual, con el repaso de las lecturas personales de cada [&hellip;]<\/p>\n","protected":false},"author":16,"featured_media":0,"comment_status":"open","ping_status":"open","sticky":false,"template":"","format":"standard","meta":{"footnotes":""},"categories":[23,24],"tags":[],"_links":{"self":[{"href":"https:\/\/redaccion1.fcpolit.unr.edu.ar\/comision-liberatore\/wp-json\/wp\/v2\/posts\/1530"}],"collection":[{"href":"https:\/\/redaccion1.fcpolit.unr.edu.ar\/comision-liberatore\/wp-json\/wp\/v2\/posts"}],"about":[{"href":"https:\/\/redaccion1.fcpolit.unr.edu.ar\/comision-liberatore\/wp-json\/wp\/v2\/types\/post"}],"author":[{"embeddable":true,"href":"https:\/\/redaccion1.fcpolit.unr.edu.ar\/comision-liberatore\/wp-json\/wp\/v2\/users\/16"}],"replies":[{"embeddable":true,"href":"https:\/\/redaccion1.fcpolit.unr.edu.ar\/comision-liberatore\/wp-json\/wp\/v2\/comments?post=1530"}],"version-history":[{"count":0,"href":"https:\/\/redaccion1.fcpolit.unr.edu.ar\/comision-liberatore\/wp-json\/wp\/v2\/posts\/1530\/revisions"}],"wp:attachment":[{"href":"https:\/\/redaccion1.fcpolit.unr.edu.ar\/comision-liberatore\/wp-json\/wp\/v2\/media?parent=1530"}],"wp:term":[{"taxonomy":"category","embeddable":true,"href":"https:\/\/redaccion1.fcpolit.unr.edu.ar\/comision-liberatore\/wp-json\/wp\/v2\/categories?post=1530"},{"taxonomy":"post_tag","embeddable":true,"href":"https:\/\/redaccion1.fcpolit.unr.edu.ar\/comision-liberatore\/wp-json\/wp\/v2\/tags?post=1530"}],"curies":[{"name":"wp","href":"https:\/\/api.w.org\/{rel}","templated":true}]}}