{"id":153,"date":"2009-10-23T19:40:25","date_gmt":"2009-10-23T19:40:25","guid":{"rendered":"http:\/\/fcpolit.unr.edu.ar\/blogs\/redaccion1-liberatore\/2009\/10\/23\/palabras-mas-palabras-menos\/"},"modified":"2009-10-23T19:40:25","modified_gmt":"2009-10-23T19:40:25","slug":"palabras-mas-palabras-menos","status":"publish","type":"post","link":"https:\/\/redaccion1.fcpolit.unr.edu.ar\/comision-liberatore\/2009\/10\/23\/palabras-mas-palabras-menos\/","title":{"rendered":"Palabras m\u00e1s, palabras menos"},"content":{"rendered":"<p>Por Candela D\u00edaz<br \/>\n<img loading=\"lazy\" decoding=\"async\" alt=\"Palabrasm%E1spalabras%20menos.jpg\" src=\"http:\/\/www.bdp.org.ar\/facultad\/catedras\/comsoc\/redaccion1\/liberatore\/Palabrasm%E1spalabras%20menos.jpg\" width=\"75\" height=\"85\" hspace=\"20\" align=\"right\" \/><br \/>\n\u201cLa palabra es fuente de malentendidos\u201d, citaba Antoine De Saint-Exup\u00e9ry<br \/>\nen \u201cEl Principito\u201d, y cu\u00e1nta raz\u00f3n parec\u00eda tener. Podr\u00edamos sostener \u00e9sto bas\u00e1ndonos en nuestra experiencia cotidiana: incontables veces sentimos que no somos capaces de poner en palabras nuestros pensamientos; o peor a\u00fan, cuando creemos haberlo logrado y  verificamos en la respuesta de nuestro destinatario algo que no guarda relaci\u00f3n con nuestra proposici\u00f3n inicial.<\/p>\n<p><!--more--><br \/>\nSin embargo, la palabra pareciera tener dos caras, si nos situ\u00e1ramos en el lado opuesto, refutar\u00edamos lo anterior afirmando que m\u00e1s bien \u201cla palabra es fuente de bien entendidos\u201d, tambi\u00e9n de f\u00e1cil comprobaci\u00f3n en nuestro recorrido diario: cu\u00e1ntas veces pudimos resolver algo que parec\u00eda imposible gracias a la bendita palabra y la infinidad de opciones que nos ofrece.<br \/>\nLa palabra pareciera ser algo m\u00e1s bien simple, que est\u00e1 ah\u00ed, al alcance de nuestra mano. No obstante, lleva consigo perpetuos  vericuetos: desde s\u00f3lidos t\u00faneles, hasta d\u00e9biles puentes colgantes que las comunican.<br \/>\nEst\u00e1 en nosotros atrevernos a acercarnos a las palabras. Pareci\u00e9ramos ser los jueces y se\u00f1ores ya que podemos elegir acercarnos desde la simpleza o desde la complejidad, podemos emitir oraciones de f\u00e1cil interpretaci\u00f3n o bien que impongan desaf\u00edos para la comprensi\u00f3n.<br \/>\nPero podemos tambi\u00e9n equivocarnos, y c\u00f3mo, ya que al creernos due\u00f1os de las palabras las subestimamos y eso es lo peor que les podemos hacer. Las palabras que parecen tan mansas y obedientes, no disfrutan de la libre manipulaci\u00f3n, si no les agrada el lugar en que han sido colocadas simplemente se rebelan, y suenan mal, no dicen lo que queremos que digan, y nuestro discurso pierde todo sentido.<br \/>\nA no resignarnos meros usuarios. Las palabras existen desde mucho tiempo antes que nosotros, y es por eso que son m\u00e1s sabias; pero tambi\u00e9n son nobles, y est\u00e1n dispuestas a ayudarnos, sep\u00e1moslas tratar.<\/p>\n","protected":false},"excerpt":{"rendered":"<p>Por Candela D\u00edaz \u201cLa palabra es fuente de malentendidos\u201d, citaba Antoine De Saint-Exup\u00e9ry en \u201cEl Principito\u201d, y cu\u00e1nta raz\u00f3n parec\u00eda tener. Podr\u00edamos sostener \u00e9sto bas\u00e1ndonos en nuestra experiencia cotidiana: incontables veces sentimos que no somos capaces de poner en palabras nuestros pensamientos; o peor a\u00fan, cuando creemos haberlo logrado y verificamos en la respuesta de [&hellip;]<\/p>\n","protected":false},"author":19,"featured_media":0,"comment_status":"open","ping_status":"closed","sticky":false,"template":"","format":"standard","meta":{"footnotes":""},"categories":[4],"tags":[],"_links":{"self":[{"href":"https:\/\/redaccion1.fcpolit.unr.edu.ar\/comision-liberatore\/wp-json\/wp\/v2\/posts\/153"}],"collection":[{"href":"https:\/\/redaccion1.fcpolit.unr.edu.ar\/comision-liberatore\/wp-json\/wp\/v2\/posts"}],"about":[{"href":"https:\/\/redaccion1.fcpolit.unr.edu.ar\/comision-liberatore\/wp-json\/wp\/v2\/types\/post"}],"author":[{"embeddable":true,"href":"https:\/\/redaccion1.fcpolit.unr.edu.ar\/comision-liberatore\/wp-json\/wp\/v2\/users\/19"}],"replies":[{"embeddable":true,"href":"https:\/\/redaccion1.fcpolit.unr.edu.ar\/comision-liberatore\/wp-json\/wp\/v2\/comments?post=153"}],"version-history":[{"count":0,"href":"https:\/\/redaccion1.fcpolit.unr.edu.ar\/comision-liberatore\/wp-json\/wp\/v2\/posts\/153\/revisions"}],"wp:attachment":[{"href":"https:\/\/redaccion1.fcpolit.unr.edu.ar\/comision-liberatore\/wp-json\/wp\/v2\/media?parent=153"}],"wp:term":[{"taxonomy":"category","embeddable":true,"href":"https:\/\/redaccion1.fcpolit.unr.edu.ar\/comision-liberatore\/wp-json\/wp\/v2\/categories?post=153"},{"taxonomy":"post_tag","embeddable":true,"href":"https:\/\/redaccion1.fcpolit.unr.edu.ar\/comision-liberatore\/wp-json\/wp\/v2\/tags?post=153"}],"curies":[{"name":"wp","href":"https:\/\/api.w.org\/{rel}","templated":true}]}}