{"id":150,"date":"2009-10-06T23:14:11","date_gmt":"2009-10-06T23:14:11","guid":{"rendered":"http:\/\/fcpolit.unr.edu.ar\/blogs\/redaccion1-liberatore\/2009\/10\/06\/ultimo-encuentro-de-septiembre\/"},"modified":"2009-10-06T23:14:11","modified_gmt":"2009-10-06T23:14:11","slug":"ultimo-encuentro-de-septiembre","status":"publish","type":"post","link":"https:\/\/redaccion1.fcpolit.unr.edu.ar\/comision-liberatore\/2009\/10\/06\/ultimo-encuentro-de-septiembre\/","title":{"rendered":"\u00daltimo encuentro de septiembre"},"content":{"rendered":"<p><strong><strong>Comisi\u00f3n 14 hs.<\/strong><\/strong><br \/>\nPor Julieta Greco<br \/>\n<strong>Definiendo temas para el trabajo final.<\/strong><br \/>\nLa clase del mi\u00e9rcoles 30 de septiembre se abri\u00f3 con una charla acerca de los temas que fuimos pensando para el trabajo final. Algunos compa\u00f1eros compartieron lo que hab\u00edan elegido y Ana nos fue indicando c\u00f3mo ir achicando un poco \u201cel foco\u201d, ya que en muchos casos son temas sociales que abarcan grupos demasiado amplios y debemos abordarlo desde un grupo al que tengamos acceso a la hora de la investigaci\u00f3n. Adem\u00e1s, nos sugiri\u00f3 tener el tema definido para fin de octubre, lo que me hizo pensar en lo cerca que estamos ya de fin de a\u00f1o.<\/p>\n<p><!--more--><br \/>\nEn medio de esta charla sobre los temas del trabajo final surgieron algunos debates, comentarios y opiniones sobre cuestiones pol\u00edticas, la posici\u00f3n de los j\u00f3venes y la falta de compromiso, que afirmaron algunos compa\u00f1eros existe, con la sociedad.<br \/>\nDespu\u00e9s, ya en otra etapa de la clase, la compa\u00f1era Gisela Poro comparti\u00f3 con nosotros la lectura de \u201cMujer\u201d de Pilar Rahola publicado en La Vanguardia, Barcelona el 09\/03\/2008  (d\u00eda posterior al D\u00eda internacional de la mujer), un texto algo profundo donde la autora cuenta la realidad de \u201cLas mujeres sin cara, sin manos, sin piernas, las mujeres de negro\u201d, haciendo referencia a las mujeres de islam con la intenci\u00f3n de recordar que tambi\u00e9n hab\u00eda sido su d\u00eda. Quien no estuvo en la clase puede encontrar la nota publicada en la wiki.<br \/>\nAl finalizar la lectura de la compa\u00f1era comentamos un poco sobre el texto que, creo que a la mayor\u00eda nos gust\u00f3 mucho, pero no falt\u00f3 alg\u00fan comentario machista, aunque siendo solo 4 hombres en el aula no tuvieron m\u00e1s opci\u00f3n que retractarse. Luego realizamos un taller de lectura en base a la nota propuesta por la compa\u00f1era, con consignas que conten\u00edan temas de la unidad 6.<br \/>\nFinalizado el taller de lectura, comentamos, en el tiempo que quedaba disponible, parte de los puntos de la unidad 6 que deb\u00edamos tener vistos para esa clase (textos base 2 y 3 y sus respectivos fuentes y complementarios).<br \/>\nCerrando el encuentro del aula 115, Ana indic\u00f3 que realiz\u00e1ramos la actividad \u201cNarrativa\u201d y el T.P. \u201cNoticia propia\u201d, los cuales deben enviarse por mail a Eleonora, ya que este mi\u00e9rcoles 7 de octubre es feriado por ser el d\u00eda de la Virgen del Rosario.<\/p>\n","protected":false},"excerpt":{"rendered":"<p>Comisi\u00f3n 14 hs. Por Julieta Greco Definiendo temas para el trabajo final. La clase del mi\u00e9rcoles 30 de septiembre se abri\u00f3 con una charla acerca de los temas que fuimos pensando para el trabajo final. Algunos compa\u00f1eros compartieron lo que hab\u00edan elegido y Ana nos fue indicando c\u00f3mo ir achicando un poco \u201cel foco\u201d, ya [&hellip;]<\/p>\n","protected":false},"author":19,"featured_media":0,"comment_status":"open","ping_status":"closed","sticky":false,"template":"","format":"standard","meta":{"footnotes":""},"categories":[4],"tags":[],"_links":{"self":[{"href":"https:\/\/redaccion1.fcpolit.unr.edu.ar\/comision-liberatore\/wp-json\/wp\/v2\/posts\/150"}],"collection":[{"href":"https:\/\/redaccion1.fcpolit.unr.edu.ar\/comision-liberatore\/wp-json\/wp\/v2\/posts"}],"about":[{"href":"https:\/\/redaccion1.fcpolit.unr.edu.ar\/comision-liberatore\/wp-json\/wp\/v2\/types\/post"}],"author":[{"embeddable":true,"href":"https:\/\/redaccion1.fcpolit.unr.edu.ar\/comision-liberatore\/wp-json\/wp\/v2\/users\/19"}],"replies":[{"embeddable":true,"href":"https:\/\/redaccion1.fcpolit.unr.edu.ar\/comision-liberatore\/wp-json\/wp\/v2\/comments?post=150"}],"version-history":[{"count":0,"href":"https:\/\/redaccion1.fcpolit.unr.edu.ar\/comision-liberatore\/wp-json\/wp\/v2\/posts\/150\/revisions"}],"wp:attachment":[{"href":"https:\/\/redaccion1.fcpolit.unr.edu.ar\/comision-liberatore\/wp-json\/wp\/v2\/media?parent=150"}],"wp:term":[{"taxonomy":"category","embeddable":true,"href":"https:\/\/redaccion1.fcpolit.unr.edu.ar\/comision-liberatore\/wp-json\/wp\/v2\/categories?post=150"},{"taxonomy":"post_tag","embeddable":true,"href":"https:\/\/redaccion1.fcpolit.unr.edu.ar\/comision-liberatore\/wp-json\/wp\/v2\/tags?post=150"}],"curies":[{"name":"wp","href":"https:\/\/api.w.org\/{rel}","templated":true}]}}