{"id":1444,"date":"2016-09-01T12:13:31","date_gmt":"2016-09-01T12:13:31","guid":{"rendered":"http:\/\/fcpolit.unr.edu.ar\/blogs\/redaccion1-liberatore\/?p=1444"},"modified":"2016-09-01T12:13:31","modified_gmt":"2016-09-01T12:13:31","slug":"resumen-clase-comision-n5","status":"publish","type":"post","link":"https:\/\/redaccion1.fcpolit.unr.edu.ar\/comision-liberatore\/2016\/09\/01\/resumen-clase-comision-n5\/","title":{"rendered":"Resumen clase comisi\u00f3n N\u00b05"},"content":{"rendered":"<p>Por tom\u00e1s Iwakawa<\/p>\n<p>En la clase del Mi\u00e9rcoles 31 de agosto \u00a0comenzamos, como es de costumbre, hablando sobre las lecturas de los alumnos en la semana, la mayor\u00eda est\u00e1 en la mitad de sus respectivos libros,\u00a0 otros decidieron comentar noticias que le llamaron la atenci\u00f3n. Una noticia capt\u00f3 la atenci\u00f3n de todo el grupo y abri\u00f3 una conversaci\u00f3n sobre la inseguridad y delincuencia en nuestro pa\u00eds.<!--more--><\/p>\n<p>Una vez finalizada la charla anteriormente nombrada comenzamos a hablar sobre el texto base 3 de la unidad 5, el cual ten\u00edamos que leer para la clase, y la mayor\u00eda respondi\u00f3 correctamente a la consigna puesta por la profesora la clase anterior. Por este motivo, la charla fue fluida y no solo hablo la docente, particularmente este texto base me gusto mucho por el valor que puede tener el d\u00eda de ma\u00f1ana ejerciendo la profesi\u00f3n que elegimos.<\/p>\n<p>Luego, la profesora comenz\u00f3 hablar sobre lo que hay y lo que no hay que hacer en las entrevista, poniendo una gran variedad de ejemplos que pudimos reconocer r\u00e1pidamente. Despu\u00e9s repasamos profundamente el texto, mientras que la ayudante de c\u00e1tedra escrib\u00eda datos relevantes en el pizarr\u00f3n en forma de cuadro.<\/p>\n<p>Buscamos diferentes tipos de entrevistas en\u00a0internet para verificar si pod\u00edamos diferneciarlas, y, a modo de finalizaci\u00f3n de la clase, la docente dict\u00f3 y explico las consignas de los trabajos a realizar en las siguientes semanas.<\/p>\n<ul>\n<li>Entrevista entrevistador ( que publicar\u00e1 Daniela)<\/li>\n<li>Y la preparaci\u00f3n de la salida al campo para realizar la entrevista durante el Congreso de la Democracia<\/li>\n<\/ul>\n<p>Para el mi\u00e9rcoles, estudiar los dos primeros textos bases y fuentes de la unidad N\u00b06.<\/p>\n","protected":false},"excerpt":{"rendered":"<p>Por tom\u00e1s Iwakawa En la clase del Mi\u00e9rcoles 31 de agosto \u00a0comenzamos, como es de costumbre, hablando sobre las lecturas de los alumnos en la semana, la mayor\u00eda est\u00e1 en la mitad de sus respectivos libros,\u00a0 otros decidieron comentar noticias que le llamaron la atenci\u00f3n. Una noticia capt\u00f3 la atenci\u00f3n de todo el grupo y [&hellip;]<\/p>\n","protected":false},"author":16,"featured_media":0,"comment_status":"open","ping_status":"open","sticky":false,"template":"","format":"standard","meta":{"footnotes":""},"categories":[22,3],"tags":[],"_links":{"self":[{"href":"https:\/\/redaccion1.fcpolit.unr.edu.ar\/comision-liberatore\/wp-json\/wp\/v2\/posts\/1444"}],"collection":[{"href":"https:\/\/redaccion1.fcpolit.unr.edu.ar\/comision-liberatore\/wp-json\/wp\/v2\/posts"}],"about":[{"href":"https:\/\/redaccion1.fcpolit.unr.edu.ar\/comision-liberatore\/wp-json\/wp\/v2\/types\/post"}],"author":[{"embeddable":true,"href":"https:\/\/redaccion1.fcpolit.unr.edu.ar\/comision-liberatore\/wp-json\/wp\/v2\/users\/16"}],"replies":[{"embeddable":true,"href":"https:\/\/redaccion1.fcpolit.unr.edu.ar\/comision-liberatore\/wp-json\/wp\/v2\/comments?post=1444"}],"version-history":[{"count":0,"href":"https:\/\/redaccion1.fcpolit.unr.edu.ar\/comision-liberatore\/wp-json\/wp\/v2\/posts\/1444\/revisions"}],"wp:attachment":[{"href":"https:\/\/redaccion1.fcpolit.unr.edu.ar\/comision-liberatore\/wp-json\/wp\/v2\/media?parent=1444"}],"wp:term":[{"taxonomy":"category","embeddable":true,"href":"https:\/\/redaccion1.fcpolit.unr.edu.ar\/comision-liberatore\/wp-json\/wp\/v2\/categories?post=1444"},{"taxonomy":"post_tag","embeddable":true,"href":"https:\/\/redaccion1.fcpolit.unr.edu.ar\/comision-liberatore\/wp-json\/wp\/v2\/tags?post=1444"}],"curies":[{"name":"wp","href":"https:\/\/api.w.org\/{rel}","templated":true}]}}