{"id":144,"date":"2009-07-07T18:19:12","date_gmt":"2009-07-07T18:19:12","guid":{"rendered":"http:\/\/fcpolit.unr.edu.ar\/blogs\/redaccion1-liberatore\/2009\/07\/07\/vacaciones-en-redaccion\/"},"modified":"2009-07-07T18:19:12","modified_gmt":"2009-07-07T18:19:12","slug":"vacaciones-en-redaccion","status":"publish","type":"post","link":"https:\/\/redaccion1.fcpolit.unr.edu.ar\/comision-liberatore\/2009\/07\/07\/vacaciones-en-redaccion\/","title":{"rendered":"Vacaciones en Redacci\u00f3n"},"content":{"rendered":"<p><strong>Actividad para las dos comisiones<\/strong><br \/>\n<img loading=\"lazy\" decoding=\"async\" alt=\"lectura1.jpg\" src=\"http:\/\/www.bdp.org.ar\/facultad\/catedras\/comsoc\/redaccion1\/liberatore\/lectura1.jpg\" width=\"150\" height=\"117\" align=\"right\" hspace=\"10\" \/><br \/>\nPara no perder el contacto en estas extensas y accidentadas vacaciones los invitamos a leer y refrescar los conocimientos adquiridos en esta primera mitad del a\u00f1o&#8230; Para ello les presentamos las consignas de la Actividad N\u00ba9, \u00a1a trabajar!<\/p>\n<p><!--more--><br \/>\n1- Buscar y elegir una novela de alguno de los siguientes autores: Rodolfo Walsh, Roberto Arlt, Isabel Allende, Ernesto S\u00e1bato, Gabriel Garc\u00eda M\u00e1rquez, Julio Cort\u00e1zar, Mario Benedetti, Eduardo Galeano, Tom\u00e1s Eloy Mart\u00ednez y Beatriz Sarlo.<br \/>\n2- Recolectar informaci\u00f3n sobre la vida y la obra del autor, y sobre el texto elegido. Elaborar un texto, cuyo formato sea el de un correo electr\u00f3nico, donde transmitas a un amigo los datos que has recabado y donde justifiques la elecci\u00f3n de esa novela. Extensi\u00f3n m\u00ednima: 20 l\u00edneas.<br \/>\n3- A modo de lista de ideas desarrollar quince posibles preguntas que le har\u00edas al autor del texto seleccionado acerca de su contenido, teniendo en cuenta la informaci\u00f3n recolectada en el punto dos.<br \/>\n4- a) Resumir en 10 l\u00edneas la macroestructura del texto elegido.<br \/>\nb) Definir, seg\u00fan las variables especificadas en la Unidad N\u00ba1, a qu\u00e9 audiencia est\u00e1 dirigido el texto.<br \/>\nc) Identificar el macroacto de habla y al menos tres microactos de habla que est\u00e9n presentes en la novela. Justificar.<br \/>\nd) Determinar, ejemplificando con fragmentos del texto, cu\u00e1les son los tipos de ordenamientos presentes en \u00e9l.<br \/>\ne) \u00bfCu\u00e1les son las tareas del lector que utilizaste para apropiarte del texto? Justificar con ejemplos del libro.<br \/>\n5- Reflexionar brevemente sobre el t\u00edtulo de la novela elegida y proponer una alternativa al mismo. Si la superestructura del texto elegido fuera una noticia: \u00bfqu\u00e9 t\u00edtulo le pondr\u00edas?<\/p>\n","protected":false},"excerpt":{"rendered":"<p>Actividad para las dos comisiones Para no perder el contacto en estas extensas y accidentadas vacaciones los invitamos a leer y refrescar los conocimientos adquiridos en esta primera mitad del a\u00f1o&#8230; Para ello les presentamos las consignas de la Actividad N\u00ba9, \u00a1a trabajar!<\/p>\n","protected":false},"author":19,"featured_media":0,"comment_status":"open","ping_status":"closed","sticky":false,"template":"","format":"standard","meta":{"footnotes":""},"categories":[10],"tags":[],"_links":{"self":[{"href":"https:\/\/redaccion1.fcpolit.unr.edu.ar\/comision-liberatore\/wp-json\/wp\/v2\/posts\/144"}],"collection":[{"href":"https:\/\/redaccion1.fcpolit.unr.edu.ar\/comision-liberatore\/wp-json\/wp\/v2\/posts"}],"about":[{"href":"https:\/\/redaccion1.fcpolit.unr.edu.ar\/comision-liberatore\/wp-json\/wp\/v2\/types\/post"}],"author":[{"embeddable":true,"href":"https:\/\/redaccion1.fcpolit.unr.edu.ar\/comision-liberatore\/wp-json\/wp\/v2\/users\/19"}],"replies":[{"embeddable":true,"href":"https:\/\/redaccion1.fcpolit.unr.edu.ar\/comision-liberatore\/wp-json\/wp\/v2\/comments?post=144"}],"version-history":[{"count":0,"href":"https:\/\/redaccion1.fcpolit.unr.edu.ar\/comision-liberatore\/wp-json\/wp\/v2\/posts\/144\/revisions"}],"wp:attachment":[{"href":"https:\/\/redaccion1.fcpolit.unr.edu.ar\/comision-liberatore\/wp-json\/wp\/v2\/media?parent=144"}],"wp:term":[{"taxonomy":"category","embeddable":true,"href":"https:\/\/redaccion1.fcpolit.unr.edu.ar\/comision-liberatore\/wp-json\/wp\/v2\/categories?post=144"},{"taxonomy":"post_tag","embeddable":true,"href":"https:\/\/redaccion1.fcpolit.unr.edu.ar\/comision-liberatore\/wp-json\/wp\/v2\/tags?post=144"}],"curies":[{"name":"wp","href":"https:\/\/api.w.org\/{rel}","templated":true}]}}