{"id":143,"date":"2009-07-01T19:42:31","date_gmt":"2009-07-01T19:42:31","guid":{"rendered":"http:\/\/fcpolit.unr.edu.ar\/blogs\/redaccion1-liberatore\/2009\/07\/01\/seguimos-andando\/"},"modified":"2009-07-01T19:42:31","modified_gmt":"2009-07-01T19:42:31","slug":"seguimos-andando","status":"publish","type":"post","link":"https:\/\/redaccion1.fcpolit.unr.edu.ar\/comision-liberatore\/2009\/07\/01\/seguimos-andando\/","title":{"rendered":"Seguimos andando&#8230;&#8230;&#8230;."},"content":{"rendered":"<p>Es as\u00ed, se adelantaron las vacaciones pero la mente sigue andando y el cuerpo, por ahora, acompa\u00f1a entonces para aprovecharlos; les dejo una serie de actividades para resolver durante las pr\u00f3ximas dos semanas.<br \/>\n<img loading=\"lazy\" decoding=\"async\" alt=\"estudiantes.jpeg\" src=\"http:\/\/www.bdp.org.ar\/facultad\/catedras\/comsoc\/redaccion1\/liberatore\/estudiantes.jpeg\" width=\"116\" height=\"94\" hspace=\"20\" align=\"right\" \/><br \/>\nEn primer lugar, avanzar sobre la Unidad N\u00ba3 y realizar los do TP propuestos. Enviarlos.<br \/>\nEn segundo lugar,les pedimos que completen y envien el cuestionario que dejamos a continuaci\u00f3n,<br \/>\ny en tercer lugar, est\u00e9n atentos al weblog porque es muy probable que publiquemos otras novedades.<\/p>\n<p><!--more--><br \/>\nEn el marco de la investigaci\u00f3n en curso <a href=\"http:\/\/www.bdp.org.ar\/facultad\/catedras\/comsoc\/redaccion1\/2008\/05\/proyecto_de_investigacion.php\">REDACCI\u00d3N DIGITAL, HIPERTEXTOS PERIOD\u00cdSTICOS Y FORMACI\u00d3N DE DOCENTES.<\/a>, solicitamos a los alumnos de las comisiones de Redacci\u00f3n 1 que participen completando, voluntaria y anonimamente, de la siguiente serie de preguntas.<br \/>\n1)\u00bfLe\u00e9s alguna vez diarios en internet o portales de noticias? \u00bfCon qu\u00e9 frecuencia?<br \/>\n2)\u00bfLe\u00e9s tambi\u00e9n diarios impresos? \u00bfLo hac\u00e9s con mayor o menor frecuencia que los medios digitales?<br \/>\n3)\u00bfCu\u00e1l o cu\u00e1les son tus objetivos de lectura de peri\u00f3dicos digitales?<br \/>\na)\tinformarme<br \/>\nb)\tactualizar la informaci\u00f3n que le\u00ed a la ma\u00f1ana en medios impresos<br \/>\nc)\tcomparar los diferentes contenidos que aparecen en cada sitio<br \/>\nd)\tcomplementar informaci\u00f3n<br \/>\ne)\totros (especificar)<br \/>\n4)\u00bfCu\u00e1les son los portales de noticias que m\u00e1s visit\u00e1s? Agreg\u00e1 los v\u00ednculos.<br \/>\n5)\u00bfC\u00f3mo orden\u00e1s la lectura en la p\u00e1gina? \u00bfQu\u00e9 es lo que le\u00e9s primero?<br \/>\n6)\u00bfRealiz\u00e1s una recorrida por todos los t\u00edtulos primero y luego ingres\u00e1s a los que te interesan o directamente vas ingresando a medida que vas descubriendo t\u00edtulos que te llaman la atenci\u00f3n?<br \/>\n7)\u00bfQu\u00e9 elementos de los portales hacen que una p\u00e1gina sea m\u00e1s amigable para vos? \u00bfqu\u00e9 te  motiva recorrerla?<br \/>\n8)\u00bfQu\u00e9 elementos te aburren o desmotivan en una p\u00e1gina de noticias?<br \/>\n9)\u00bfQu\u00e9 diferencias encontr\u00e1s en tu modo de leer un diario impreso y un diario digital?<br \/>\n10)Enumer\u00e1 las ventajas que cre\u00e9s que tiene un diario digital por sobre un diario impreso.<\/p>\n","protected":false},"excerpt":{"rendered":"<p>Es as\u00ed, se adelantaron las vacaciones pero la mente sigue andando y el cuerpo, por ahora, acompa\u00f1a entonces para aprovecharlos; les dejo una serie de actividades para resolver durante las pr\u00f3ximas dos semanas. En primer lugar, avanzar sobre la Unidad N\u00ba3 y realizar los do TP propuestos. Enviarlos. En segundo lugar,les pedimos que completen y [&hellip;]<\/p>\n","protected":false},"author":19,"featured_media":0,"comment_status":"open","ping_status":"closed","sticky":false,"template":"","format":"standard","meta":{"footnotes":""},"categories":[3],"tags":[],"_links":{"self":[{"href":"https:\/\/redaccion1.fcpolit.unr.edu.ar\/comision-liberatore\/wp-json\/wp\/v2\/posts\/143"}],"collection":[{"href":"https:\/\/redaccion1.fcpolit.unr.edu.ar\/comision-liberatore\/wp-json\/wp\/v2\/posts"}],"about":[{"href":"https:\/\/redaccion1.fcpolit.unr.edu.ar\/comision-liberatore\/wp-json\/wp\/v2\/types\/post"}],"author":[{"embeddable":true,"href":"https:\/\/redaccion1.fcpolit.unr.edu.ar\/comision-liberatore\/wp-json\/wp\/v2\/users\/19"}],"replies":[{"embeddable":true,"href":"https:\/\/redaccion1.fcpolit.unr.edu.ar\/comision-liberatore\/wp-json\/wp\/v2\/comments?post=143"}],"version-history":[{"count":0,"href":"https:\/\/redaccion1.fcpolit.unr.edu.ar\/comision-liberatore\/wp-json\/wp\/v2\/posts\/143\/revisions"}],"wp:attachment":[{"href":"https:\/\/redaccion1.fcpolit.unr.edu.ar\/comision-liberatore\/wp-json\/wp\/v2\/media?parent=143"}],"wp:term":[{"taxonomy":"category","embeddable":true,"href":"https:\/\/redaccion1.fcpolit.unr.edu.ar\/comision-liberatore\/wp-json\/wp\/v2\/categories?post=143"},{"taxonomy":"post_tag","embeddable":true,"href":"https:\/\/redaccion1.fcpolit.unr.edu.ar\/comision-liberatore\/wp-json\/wp\/v2\/tags?post=143"}],"curies":[{"name":"wp","href":"https:\/\/api.w.org\/{rel}","templated":true}]}}