{"id":1428,"date":"2016-08-22T12:22:24","date_gmt":"2016-08-22T12:22:24","guid":{"rendered":"http:\/\/fcpolit.unr.edu.ar\/blogs\/redaccion1-liberatore\/?p=1428"},"modified":"2016-08-22T12:22:24","modified_gmt":"2016-08-22T12:22:24","slug":"resumen-comision-miercoles-17hs-2","status":"publish","type":"post","link":"https:\/\/redaccion1.fcpolit.unr.edu.ar\/comision-liberatore\/2016\/08\/22\/resumen-comision-miercoles-17hs-2\/","title":{"rendered":"Resumen comisi\u00f3n mi\u00e9rcoles 17HS"},"content":{"rendered":"<p>Por Pablo Ram\u00edrez<a href=\"https:\/\/blogs.fcpolit.unr.edu.ar\/redaccion1-liberatore\/files\/2016\/08\/imagen.jpg\"><img loading=\"lazy\" decoding=\"async\" class=\"alignleft size-thumbnail wp-image-1429\" src=\"https:\/\/blogs.fcpolit.unr.edu.ar\/redaccion1-liberatore\/files\/2016\/08\/imagen-150x150.jpg\" alt=\"imagen\" width=\"150\" height=\"150\" \/><\/a><\/p>\n<p>La clase de redacci\u00f3n dictada el mi\u00e9rcoles 17\/8 comenz\u00f3, como ya es habitual, con la charla de las lecturas realizadas por cada uno de nosotros (los alumnos). En mi opini\u00f3n llama la atenci\u00f3n como vamos emparentando cada vez m\u00e1s el marco te\u00f3rico dictado en la c\u00e1tedra, con la pr\u00e1ctica de la lectura comprometida que tenemos que efectuar si queremos escribir textos de calidad y como Ana nos va guiando de apoco a ese objetivo. Un hecho a destacar fue la ausencia de Daniela y como extra\u00f1amos (creo que hablo por todos) sus cuadros en el pizarr\u00f3n que tanto nos ayudan.<!--more--><\/p>\n<p>Como siempre, a la hora de comentar hay lecturas de lo m\u00e1s variadas y est\u00e1 clase no fue excepci\u00f3n de la diversidad textual que presentamos semana a semana, se abordaron escritos de g\u00e9nero en referencia al libro llamado <strong>\u201cPensamiento heterosexual\u201d<\/strong>, la biograf\u00eda de <strong>Adolf Hitler<\/strong>,\u00a0 tema que siempre trae inter\u00e9s, por que nos sorprende como una personalidad e infancia complicadas dieron como resultado a uno de los m\u00e1s grandes tiranos de la historia. Novelas de <strong>Stephen King<\/strong> \u201cCell\u201d\u00a0 y de <strong>Frederick Forsyth<\/strong> \u201cEl archivo ODESSA\u201d y la exposici\u00f3n del compa\u00f1ero Mat\u00edas de \u201c<strong>Nadie las visita\u201d<\/strong>, un ensayo sobre la vida de las mujeres privadas de su libertad y la indiferencia social que sufren en prisi\u00f3n.<\/p>\n<p>Desde mi rol de alumno, puedo percibir como las clases se van haciendo m\u00e1s fluidas a la hora de hablar de las lecturas &#8220;por placer&#8221; como las llama Ana, pero con un mejoramiento, de las lecturas te\u00f3ricas que cuestan un poco m\u00e1s.<\/p>\n<p>Sobre lo te\u00f3rico, se dio comienzo a la Unidad n\u00b05\u00a0 que trata los temas de la enunciaci\u00f3n, sus distintos conceptos y caracter\u00edsticas seg\u00fan Benveniste, el mismo reflexiona sobre la aparici\u00f3n del sujeto en el enunciado y lo presenta como el \u201cacto mismo de producir un enunciado y no el texto del enunciado\u201d. Profundizamos sobre los signos con un significado pleno, pero haciendo un an\u00e1lisis m\u00e1s exhaustivo sobre los signos vac\u00edos.<\/p>\n<p>Avanzamos sobre el texto de \u201cEnunciados referidos\u201d, y sobre la importancia de diferenciar los estilos a la hora de redactar el discurso citado.<\/p>\n<ul>\n<li><strong>Directos:<\/strong> Representados por las conexiones y puntuaciones que conectan el discurso citante con el citado.<\/li>\n<li><strong>Indirectos:<\/strong> Solo est\u00e1 representado el discurso citante haciendo referencia al discurso citado, transform\u00e1ndolo con respecto a los tiempos verbales, pronombres, puntuaciones, etc.<\/li>\n<li><strong>Hibrido:<\/strong> Conecta el estilo directo (cita textual) con nexos del indirecto.<\/li>\n<li><strong>Mixto:<\/strong> Que es una combinaci\u00f3n de los anteriores con el agregado de las frases enfatizadas.<\/li>\n<\/ul>\n<p>En el desenlace de la clase comenzamos a trabajar sobre el T.P. \u201cJuego de errores\u201d, buscando noticias que tengan errores en los enunciados referidos,\u00a0 para luego hacer la correspondiente correcci\u00f3n. Actividad que se vio suspendida por un sorpresivo corte de luz, que no dio otra opci\u00f3n que finalizar la clase.<\/p>\n<p>Estudiar el resto de la unidad N\u00b05<\/p>\n<p>&nbsp;<\/p>\n<p>&nbsp;<\/p>\n","protected":false},"excerpt":{"rendered":"<p>Por Pablo Ram\u00edrez La clase de redacci\u00f3n dictada el mi\u00e9rcoles 17\/8 comenz\u00f3, como ya es habitual, con la charla de las lecturas realizadas por cada uno de nosotros (los alumnos). En mi opini\u00f3n llama la atenci\u00f3n como vamos emparentando cada vez m\u00e1s el marco te\u00f3rico dictado en la c\u00e1tedra, con la pr\u00e1ctica de la lectura [&hellip;]<\/p>\n","protected":false},"author":16,"featured_media":0,"comment_status":"open","ping_status":"open","sticky":false,"template":"","format":"standard","meta":{"footnotes":""},"categories":[22,3],"tags":[],"_links":{"self":[{"href":"https:\/\/redaccion1.fcpolit.unr.edu.ar\/comision-liberatore\/wp-json\/wp\/v2\/posts\/1428"}],"collection":[{"href":"https:\/\/redaccion1.fcpolit.unr.edu.ar\/comision-liberatore\/wp-json\/wp\/v2\/posts"}],"about":[{"href":"https:\/\/redaccion1.fcpolit.unr.edu.ar\/comision-liberatore\/wp-json\/wp\/v2\/types\/post"}],"author":[{"embeddable":true,"href":"https:\/\/redaccion1.fcpolit.unr.edu.ar\/comision-liberatore\/wp-json\/wp\/v2\/users\/16"}],"replies":[{"embeddable":true,"href":"https:\/\/redaccion1.fcpolit.unr.edu.ar\/comision-liberatore\/wp-json\/wp\/v2\/comments?post=1428"}],"version-history":[{"count":0,"href":"https:\/\/redaccion1.fcpolit.unr.edu.ar\/comision-liberatore\/wp-json\/wp\/v2\/posts\/1428\/revisions"}],"wp:attachment":[{"href":"https:\/\/redaccion1.fcpolit.unr.edu.ar\/comision-liberatore\/wp-json\/wp\/v2\/media?parent=1428"}],"wp:term":[{"taxonomy":"category","embeddable":true,"href":"https:\/\/redaccion1.fcpolit.unr.edu.ar\/comision-liberatore\/wp-json\/wp\/v2\/categories?post=1428"},{"taxonomy":"post_tag","embeddable":true,"href":"https:\/\/redaccion1.fcpolit.unr.edu.ar\/comision-liberatore\/wp-json\/wp\/v2\/tags?post=1428"}],"curies":[{"name":"wp","href":"https:\/\/api.w.org\/{rel}","templated":true}]}}