{"id":1406,"date":"2016-08-04T22:09:30","date_gmt":"2016-08-04T22:09:30","guid":{"rendered":"http:\/\/fcpolit.unr.edu.ar\/blogs\/redaccion1-liberatore\/?p=1406"},"modified":"2016-08-04T22:09:30","modified_gmt":"2016-08-04T22:09:30","slug":"resumen-comision-miercoles-17hs","status":"publish","type":"post","link":"https:\/\/redaccion1.fcpolit.unr.edu.ar\/comision-liberatore\/2016\/08\/04\/resumen-comision-miercoles-17hs\/","title":{"rendered":"RESUMEN COMISI\u00d3N MI\u00c9RCOLES 17HS"},"content":{"rendered":"<p>Por Luc\u00eda Moreno<a href=\"https:\/\/blogs.fcpolit.unr.edu.ar\/redaccion1-liberatore\/files\/2016\/08\/luc\u00eda-Moreno.jpg\"><img loading=\"lazy\" decoding=\"async\" class=\"alignright size-thumbnail wp-image-1407\" src=\"https:\/\/blogs.fcpolit.unr.edu.ar\/redaccion1-liberatore\/files\/2016\/08\/luc\u00eda-Moreno-150x150.jpg\" alt=\"luc\u00eda Moreno\" width=\"150\" height=\"150\" \/><\/a><\/p>\n<p>Luego de nuestro mes de vacaciones, nos reencontramos en el aula de Redacci\u00f3n para volver a nuestras clases. Como siempre la clase comenz\u00f3 con el t\u00f3pico fundamental de esta materia, \u201c\u00bfqu\u00e9 hab\u00edamos le\u00eddo?\u201d Para el asombro de la profesora r\u00e1pidamente empezamos a contar sin que se cree ese silencio incomodo que se presentaba en clases anteriores. El primero en contar fue Tom\u00e1s, quien comenz\u00f3 a interesarse por libros en relaci\u00f3n a temas de pol\u00edtica, luego por mi parte coment\u00e9 que termin\u00e9 de leer dos libros que ten\u00eda pendiente y sigue mi b\u00fasqueda por alg\u00fan g\u00e9nero que me atrape. Por otra parte Malvina, nos cont\u00f3 que comenz\u00f3 a leer la historia de la vida de Hitler y tuvimos un peque\u00f1o debate sobre el poder del discurso. Por \u00faltimo, Luis nos mostr\u00f3 su nuevo canal en Youtube y nos detall\u00f3 c\u00f3mo se dedica a escribir noticias e informar por este medio.<\/p>\n<p>Despu\u00e9s de comentar nuestras lecturas, pasamos a la teor\u00eda de la clase, dimos los textos bases 1 y 2 de la unidad 4. En el cual se describe las caracter\u00edsticas formales para la construcci\u00f3n de un texto, coherencia y cohesi\u00f3n aportar\u00e1n el sentido al texto. La coherencia por su parte otorga sentido dentro de la macroestructura, teniendo una conexi\u00f3n l\u00f3gica entre las partes, es decir una progresi\u00f3n tem\u00e1tica. Por otra parte la cohesi\u00f3n, permite organizar las ideas, operando a un nivel superficial, local y oracional. Para esto la cohesi\u00f3n contar\u00e1 con ciertos mecanismos: parafraseo, conectores, reiteraciones l\u00e9xicas, sin\u00f3nimos\/cuasi\/ant\u00f3nimos, elipsis, referencias(anaf\u00f3ricas, cataf\u00f3ricas, endoforicas, exof\u00f3ricas) y por \u00faltimo repetici\u00f3n total o parcial.<\/p>\n<p>Para finalizar la clase, tuvimos que realizar un trabajo pr\u00e1ctico sobre los mecanismos de cohesi\u00f3n donde deb\u00edamos elegir un texto dentro de un diario online y reconocer aquellos mecanismos utilizados, por \u00faltimo elegir uno de estos mecanismos y reemplazarlo por otro sin que el texto pierda su sentido original.<\/p>\n<p>Recuerden que debemos avanzar en la teor\u00eda de la unidad 4 y entregar los trabajos pr\u00e1cticos.<\/p>\n<p>&nbsp;<\/p>\n<p>Luc\u00eda Moreno.<\/p>\n","protected":false},"excerpt":{"rendered":"<p>Por Luc\u00eda Moreno Luego de nuestro mes de vacaciones, nos reencontramos en el aula de Redacci\u00f3n para volver a nuestras clases. Como siempre la clase comenz\u00f3 con el t\u00f3pico fundamental de esta materia, \u201c\u00bfqu\u00e9 hab\u00edamos le\u00eddo?\u201d Para el asombro de la profesora r\u00e1pidamente empezamos a contar sin que se cree ese silencio incomodo que se [&hellip;]<\/p>\n","protected":false},"author":16,"featured_media":0,"comment_status":"open","ping_status":"open","sticky":false,"template":"","format":"standard","meta":{"footnotes":""},"categories":[22,3],"tags":[],"_links":{"self":[{"href":"https:\/\/redaccion1.fcpolit.unr.edu.ar\/comision-liberatore\/wp-json\/wp\/v2\/posts\/1406"}],"collection":[{"href":"https:\/\/redaccion1.fcpolit.unr.edu.ar\/comision-liberatore\/wp-json\/wp\/v2\/posts"}],"about":[{"href":"https:\/\/redaccion1.fcpolit.unr.edu.ar\/comision-liberatore\/wp-json\/wp\/v2\/types\/post"}],"author":[{"embeddable":true,"href":"https:\/\/redaccion1.fcpolit.unr.edu.ar\/comision-liberatore\/wp-json\/wp\/v2\/users\/16"}],"replies":[{"embeddable":true,"href":"https:\/\/redaccion1.fcpolit.unr.edu.ar\/comision-liberatore\/wp-json\/wp\/v2\/comments?post=1406"}],"version-history":[{"count":0,"href":"https:\/\/redaccion1.fcpolit.unr.edu.ar\/comision-liberatore\/wp-json\/wp\/v2\/posts\/1406\/revisions"}],"wp:attachment":[{"href":"https:\/\/redaccion1.fcpolit.unr.edu.ar\/comision-liberatore\/wp-json\/wp\/v2\/media?parent=1406"}],"wp:term":[{"taxonomy":"category","embeddable":true,"href":"https:\/\/redaccion1.fcpolit.unr.edu.ar\/comision-liberatore\/wp-json\/wp\/v2\/categories?post=1406"},{"taxonomy":"post_tag","embeddable":true,"href":"https:\/\/redaccion1.fcpolit.unr.edu.ar\/comision-liberatore\/wp-json\/wp\/v2\/tags?post=1406"}],"curies":[{"name":"wp","href":"https:\/\/api.w.org\/{rel}","templated":true}]}}