{"id":1298,"date":"2015-11-05T14:07:57","date_gmt":"2015-11-05T14:07:57","guid":{"rendered":"http:\/\/fcpolit.unr.edu.ar\/blogs\/redaccion1-liberatore\/?p=1298"},"modified":"2015-11-05T14:07:57","modified_gmt":"2015-11-05T14:07:57","slug":"lectura-sugerida","status":"publish","type":"post","link":"https:\/\/redaccion1.fcpolit.unr.edu.ar\/comision-liberatore\/2015\/11\/05\/lectura-sugerida\/","title":{"rendered":"Lectura sugerida"},"content":{"rendered":"<p>En el marco de la problem\u00e1tica del lector que trabajamos en Redacci\u00f3n 1 y por sugerencia de Bruno, estuve revisando un texto de Hern\u00e1n Casciari al respecto. Imperdible.<\/p>\n<p>Les dejo el v\u00ednculo y espero sus comentarios.<\/p>\n<h2 class=\"center\">\u00a0 \u00a0 \u00a0 \u00a0 \u00a0 \u00a0 \u00a0 \u00a0 \u00a0 \u00a0 \u00a0<a href=\"http:\/\/editorialorsai.com\/blog\/post\/muerte_lector\">El d\u00eda en que un lector se me muri\u00f3 de muerte natural<\/a><\/h2>\n","protected":false},"excerpt":{"rendered":"<p>En el marco de la problem\u00e1tica del lector que trabajamos en Redacci\u00f3n 1 y por sugerencia de Bruno, estuve revisando un texto de Hern\u00e1n Casciari al respecto. Imperdible. Les dejo el v\u00ednculo y espero sus comentarios. \u00a0 \u00a0 \u00a0 \u00a0 \u00a0 \u00a0 \u00a0 \u00a0 \u00a0 \u00a0 \u00a0El d\u00eda en que un lector se me muri\u00f3 [&hellip;]<\/p>\n","protected":false},"author":16,"featured_media":0,"comment_status":"open","ping_status":"open","sticky":false,"template":"","format":"standard","meta":{"footnotes":""},"categories":[21,11],"tags":[],"_links":{"self":[{"href":"https:\/\/redaccion1.fcpolit.unr.edu.ar\/comision-liberatore\/wp-json\/wp\/v2\/posts\/1298"}],"collection":[{"href":"https:\/\/redaccion1.fcpolit.unr.edu.ar\/comision-liberatore\/wp-json\/wp\/v2\/posts"}],"about":[{"href":"https:\/\/redaccion1.fcpolit.unr.edu.ar\/comision-liberatore\/wp-json\/wp\/v2\/types\/post"}],"author":[{"embeddable":true,"href":"https:\/\/redaccion1.fcpolit.unr.edu.ar\/comision-liberatore\/wp-json\/wp\/v2\/users\/16"}],"replies":[{"embeddable":true,"href":"https:\/\/redaccion1.fcpolit.unr.edu.ar\/comision-liberatore\/wp-json\/wp\/v2\/comments?post=1298"}],"version-history":[{"count":0,"href":"https:\/\/redaccion1.fcpolit.unr.edu.ar\/comision-liberatore\/wp-json\/wp\/v2\/posts\/1298\/revisions"}],"wp:attachment":[{"href":"https:\/\/redaccion1.fcpolit.unr.edu.ar\/comision-liberatore\/wp-json\/wp\/v2\/media?parent=1298"}],"wp:term":[{"taxonomy":"category","embeddable":true,"href":"https:\/\/redaccion1.fcpolit.unr.edu.ar\/comision-liberatore\/wp-json\/wp\/v2\/categories?post=1298"},{"taxonomy":"post_tag","embeddable":true,"href":"https:\/\/redaccion1.fcpolit.unr.edu.ar\/comision-liberatore\/wp-json\/wp\/v2\/tags?post=1298"}],"curies":[{"name":"wp","href":"https:\/\/api.w.org\/{rel}","templated":true}]}}