{"id":1296,"date":"2015-11-05T14:03:43","date_gmt":"2015-11-05T14:03:43","guid":{"rendered":"http:\/\/fcpolit.unr.edu.ar\/blogs\/redaccion1-liberatore\/?p=1296"},"modified":"2015-11-05T14:03:43","modified_gmt":"2015-11-05T14:03:43","slug":"guia-para-el-tp-final-ambas-comisiones","status":"publish","type":"post","link":"https:\/\/redaccion1.fcpolit.unr.edu.ar\/comision-liberatore\/2015\/11\/05\/guia-para-el-tp-final-ambas-comisiones\/","title":{"rendered":"Gu\u00eda para el TP Final. Ambas comisiones"},"content":{"rendered":"<p>Por Ana Laura Liberatore<br \/>\n<a href=\"https:\/\/blogs.fcpolit.unr.edu.ar\/redaccion1-liberatore\/files\/2013\/11\/Writers.gif\"><img loading=\"lazy\" decoding=\"async\" class=\"alignleft size-thumbnail wp-image-795\" src=\"https:\/\/blogs.fcpolit.unr.edu.ar\/redaccion1-liberatore\/files\/2013\/11\/Writers-150x150.gif\" alt=\"Writers\" width=\"150\" height=\"150\" \/><\/a>Estamos en pleno per\u00edodo de acopio de materiales e informaci\u00f3n pertinente a nuestro tema elegido para cerrar el ciclo de Redacci\u00f3n 1. Es tambi\u00e9n tiempo de comenzar a trabajar borradores, y por \u00faltimo har\u00e1n producciones escritas para lucir en el \u00faltimo de estos encuentros.<\/p>\n<p>Les dejo , las condiciones de presentaci\u00f3n para sus trabajos finales, pero tambi\u00e9n los invito a consultar los formatos y el orden de la informaci\u00f3n de acuerdo a las superestructuras solicitadas.<!--more--><\/p>\n<p>Pre escritura<\/p>\n<p><strong>1) Elecci\u00f3n de tema<\/strong><br \/>\na) Que sea de inter\u00e9s o curiosidad personal<br \/>\nb)Que presente una arista novedosa y diferente de la que habitualmente se muestra a trav\u00e9s de los medios masivos de comunicaci\u00f3n.<br \/>\nPreguntas que ayudan: Hasta el momento \u00bfqu\u00e9 no se dijo del tema? \u00bfqu\u00e9 resulta curioso para mi?<br \/>\nc) Tener en cuenta el grado y las posibilidades de acceso a la informaci\u00f3n.<br \/>\n<strong>2) Preparaci\u00f3n del archivo<\/strong><br \/>\na) Tener en cuenta que la variedad de fuentes a consultar, enriquece el trabajo.(No menos de 3)<br \/>\nb) Llevar un registro de los materiales acopiados.<br \/>\nc) No olvidar identificar correctamente nombre de la fuente y fecha.<br \/>\nd) Si se trata de un registro bibliogr\u00e1fico, recordar la siguiente notaci\u00f3n:<br \/>\nPrimero: Apellido\/s de los autores por orden alfab\u00e9tico<br \/>\nSegundo: Nombre\/s del autor<br \/>\nTercero: Nombre de la obra, n\u00ba de el\/ los cap\u00edtulos consultados, n\u00ba de p\u00e1ginas (en caso de que la consulta sea muy espec\u00edfica)<br \/>\nCuarto: Editorial<br \/>\nQuinto: A\u00f1o de edici\u00f3n<\/p>\n<p><strong>3) Producci\u00f3n de textos<\/strong><br \/>\na) Identificar audiencia. Redactar caracter\u00edsticas de la misma.<br \/>\nb) Realizar y entregar los borradores de cada proceso de escritura.<br \/>\nc) Texto informativo: redactar un texto no menor a 25 l\u00edneas, cuya superestructura sea de pir\u00e1mide invertida. Agregar im\u00e1genes y titular completo.<br \/>\nd)\u00a0\u00a0Texto argumentativo: redactar un texto no menor a 30 l\u00edneas, respetando la superestructura de argumentaci\u00f3n, y cuya macroestructura est\u00e9 relacionada con los materiales elegidos tambi\u00e9n para la noticia.<br \/>\ne) Texto narrativo: cuento. No menor a 40 l\u00edneas.<br \/>\nf) Elegir uno de los textos y repensarlo para una publicaci\u00f3n hipertextual.<\/p>\n<p>Tambi\u00e9n pod\u00e9s incluir im\u00e1genes a elecci\u00f3n<br \/>\n<strong>4)Condiciones de entrega:<\/strong><br \/>\n<strong>En versi\u00f3n electr\u00f3nica:<\/strong><br \/>\na) Borradores y versiones de audio en formato de archivos compartidos.<br \/>\nb) La totalidad de las fuentes consultadas (entrevistas, revistas, libros, documentos, p\u00e1ginas de internet, direcciones de correos electr\u00f3nicos, etc.)<br \/>\nc) Textos solicitados con las condiciones de producci\u00f3n que trabajamos durante el a\u00f1o.<br \/>\nd) No olvidar el enlace del texto publicado en la red Bligoo<br \/>\ne) Enviar en un solo mensaje todo el material al correo de Ana.<br \/>\n5)\u00a0<strong>Fecha de entrega:<\/strong>hasta el lunes 12 de diciembre.<\/p>\n<p>ana.comunicacion09@gmail.com<\/p>\n<p><strong>\u00a0<\/strong>Devoluci\u00f3n de trabajos, nota final y saludos navide\u00f1os: 14\u00a0de diciembre \u00a0desde las 18 a las 20 hs.\u00a0<strong>Lugar:<\/strong> ADM<\/p>\n","protected":false},"excerpt":{"rendered":"<p>Por Ana Laura Liberatore Estamos en pleno per\u00edodo de acopio de materiales e informaci\u00f3n pertinente a nuestro tema elegido para cerrar el ciclo de Redacci\u00f3n 1. Es tambi\u00e9n tiempo de comenzar a trabajar borradores, y por \u00faltimo har\u00e1n producciones escritas para lucir en el \u00faltimo de estos encuentros. Les dejo , las condiciones de presentaci\u00f3n [&hellip;]<\/p>\n","protected":false},"author":16,"featured_media":0,"comment_status":"open","ping_status":"open","sticky":false,"template":"","format":"standard","meta":{"footnotes":""},"categories":[21,22,3,10],"tags":[],"_links":{"self":[{"href":"https:\/\/redaccion1.fcpolit.unr.edu.ar\/comision-liberatore\/wp-json\/wp\/v2\/posts\/1296"}],"collection":[{"href":"https:\/\/redaccion1.fcpolit.unr.edu.ar\/comision-liberatore\/wp-json\/wp\/v2\/posts"}],"about":[{"href":"https:\/\/redaccion1.fcpolit.unr.edu.ar\/comision-liberatore\/wp-json\/wp\/v2\/types\/post"}],"author":[{"embeddable":true,"href":"https:\/\/redaccion1.fcpolit.unr.edu.ar\/comision-liberatore\/wp-json\/wp\/v2\/users\/16"}],"replies":[{"embeddable":true,"href":"https:\/\/redaccion1.fcpolit.unr.edu.ar\/comision-liberatore\/wp-json\/wp\/v2\/comments?post=1296"}],"version-history":[{"count":0,"href":"https:\/\/redaccion1.fcpolit.unr.edu.ar\/comision-liberatore\/wp-json\/wp\/v2\/posts\/1296\/revisions"}],"wp:attachment":[{"href":"https:\/\/redaccion1.fcpolit.unr.edu.ar\/comision-liberatore\/wp-json\/wp\/v2\/media?parent=1296"}],"wp:term":[{"taxonomy":"category","embeddable":true,"href":"https:\/\/redaccion1.fcpolit.unr.edu.ar\/comision-liberatore\/wp-json\/wp\/v2\/categories?post=1296"},{"taxonomy":"post_tag","embeddable":true,"href":"https:\/\/redaccion1.fcpolit.unr.edu.ar\/comision-liberatore\/wp-json\/wp\/v2\/tags?post=1296"}],"curies":[{"name":"wp","href":"https:\/\/api.w.org\/{rel}","templated":true}]}}