{"id":1290,"date":"2015-11-01T14:05:51","date_gmt":"2015-11-01T14:05:51","guid":{"rendered":"http:\/\/fcpolit.unr.edu.ar\/blogs\/redaccion1-liberatore\/?p=1290"},"modified":"2015-11-01T14:05:51","modified_gmt":"2015-11-01T14:05:51","slug":"resumen-comision-17-hs-12","status":"publish","type":"post","link":"https:\/\/redaccion1.fcpolit.unr.edu.ar\/comision-liberatore\/2015\/11\/01\/resumen-comision-17-hs-12\/","title":{"rendered":"Resumen comisi\u00f3n 17 hs."},"content":{"rendered":"<div id=\":lq\" class=\"ii gt m150ba2da7c234765 adP adO\">\n<div id=\":lp\" class=\"a3s\">\n<div dir=\"ltr\">Por Agostina Di Nardo\u00a0<a href=\"https:\/\/blogs.fcpolit.unr.edu.ar\/redaccion1-liberatore\/files\/2015\/11\/10988091_10206524109528098_8490163490095880995_n.jpg\"><img loading=\"lazy\" decoding=\"async\" class=\"alignleft size-medium wp-image-1292\" src=\"https:\/\/blogs.fcpolit.unr.edu.ar\/redaccion1-liberatore\/files\/2015\/11\/10988091_10206524109528098_8490163490095880995_n-146x300.jpg\" alt=\"10988091_10206524109528098_8490163490095880995_n\" width=\"146\" height=\"300\" \/><\/a><\/div>\n<div dir=\"ltr\"><\/div>\n<div dir=\"ltr\">\n<p>La clase de Redacci\u00f3n 1, comenz\u00f3 con lo que habitualmente hacemos, hablar de las lecturas por placer. Mencionamos las noticias que algunos hab\u00edan le\u00eddo, y tambi\u00e9n opinamos un poco sobre las votaciones pasadas. Ana prosigui\u00f3 la clase, present\u00e1ndonos a dos compa\u00f1eros de la Secretaria de Juventud y Derechos Humanos, que como ya nos hab\u00eda adelantado, \u00a0nos iban a dieron una charla que tiene que ver con un nuevo trabajo para realizar.<\/p>\n<p>&nbsp;<\/p>\n<div>\n<p>\u00a0La clase de Redacci\u00f3n finaliz\u00f3, con lo que quedaba de la unidad 7, Ana explic\u00f3 las 2 superestructuras de argumentaci\u00f3n (dial\u00e9ctica y secuencial)<\/p>\n<div><\/div>\n<div>RECORDAR:<\/div>\n<div>&#8211; LA PR\u00d3XIMA CLASE ES EL RECUPERATORIO PERO IGUAL SE DICTAN LAS CLASES NORMALMENTE.<\/div>\n<div>&#8211; LLEVAR UNA REVISTA O DIARIO, NO IMPORTA LA FECHA DE EMISI\u00d3N.<\/div>\n<div><\/div>\n<div>&#8211; TALLER DE LECTURA:<\/div>\n<div>1- Eleg\u00ed un texto argumentativo no menor a 1 carilla. Agrega fuente y fecha de publicaci\u00f3n.<\/div>\n<div>2- Identifica las partes de la superestructura y los conectores que reconozcas.<\/div>\n<div><\/div>\n<div>-Adem\u00e1s, tenemos que revisar el material preparado por la Secretar\u00eda de Derechos de la Juventud y comenzar a pensar nuestro TP.<\/div>\n<\/div>\n<div class=\"yj6qo\"><\/div>\n<\/div>\n<\/div>\n<\/div>\n<p><!--more--><\/p>\n<div id=\":mm\" class=\"hq gt a10\"><\/div>\n","protected":false},"excerpt":{"rendered":"<p>Por Agostina Di Nardo\u00a0 La clase de Redacci\u00f3n 1, comenz\u00f3 con lo que habitualmente hacemos, hablar de las lecturas por placer. Mencionamos las noticias que algunos hab\u00edan le\u00eddo, y tambi\u00e9n opinamos un poco sobre las votaciones pasadas. Ana prosigui\u00f3 la clase, present\u00e1ndonos a dos compa\u00f1eros de la Secretaria de Juventud y Derechos Humanos, que como [&hellip;]<\/p>\n","protected":false},"author":16,"featured_media":0,"comment_status":"open","ping_status":"open","sticky":false,"template":"","format":"standard","meta":{"footnotes":""},"categories":[21,3],"tags":[],"_links":{"self":[{"href":"https:\/\/redaccion1.fcpolit.unr.edu.ar\/comision-liberatore\/wp-json\/wp\/v2\/posts\/1290"}],"collection":[{"href":"https:\/\/redaccion1.fcpolit.unr.edu.ar\/comision-liberatore\/wp-json\/wp\/v2\/posts"}],"about":[{"href":"https:\/\/redaccion1.fcpolit.unr.edu.ar\/comision-liberatore\/wp-json\/wp\/v2\/types\/post"}],"author":[{"embeddable":true,"href":"https:\/\/redaccion1.fcpolit.unr.edu.ar\/comision-liberatore\/wp-json\/wp\/v2\/users\/16"}],"replies":[{"embeddable":true,"href":"https:\/\/redaccion1.fcpolit.unr.edu.ar\/comision-liberatore\/wp-json\/wp\/v2\/comments?post=1290"}],"version-history":[{"count":0,"href":"https:\/\/redaccion1.fcpolit.unr.edu.ar\/comision-liberatore\/wp-json\/wp\/v2\/posts\/1290\/revisions"}],"wp:attachment":[{"href":"https:\/\/redaccion1.fcpolit.unr.edu.ar\/comision-liberatore\/wp-json\/wp\/v2\/media?parent=1290"}],"wp:term":[{"taxonomy":"category","embeddable":true,"href":"https:\/\/redaccion1.fcpolit.unr.edu.ar\/comision-liberatore\/wp-json\/wp\/v2\/categories?post=1290"},{"taxonomy":"post_tag","embeddable":true,"href":"https:\/\/redaccion1.fcpolit.unr.edu.ar\/comision-liberatore\/wp-json\/wp\/v2\/tags?post=1290"}],"curies":[{"name":"wp","href":"https:\/\/api.w.org\/{rel}","templated":true}]}}