{"id":129,"date":"2009-05-03T21:10:10","date_gmt":"2009-05-03T21:10:10","guid":{"rendered":"http:\/\/fcpolit.unr.edu.ar\/blogs\/redaccion1-liberatore\/2009\/05\/03\/atencion-miercoles-6-de-mayo\/"},"modified":"2009-05-03T21:10:10","modified_gmt":"2009-05-03T21:10:10","slug":"atencion-miercoles-6-de-mayo","status":"publish","type":"post","link":"https:\/\/redaccion1.fcpolit.unr.edu.ar\/comision-liberatore\/2009\/05\/03\/atencion-miercoles-6-de-mayo\/","title":{"rendered":"Atenci\u00f3n mi\u00e9rcoles 6 de mayo"},"content":{"rendered":"<p><img loading=\"lazy\" decoding=\"async\" alt=\"images.jpeg\" src=\"http:\/\/www.bdp.org.ar\/facultad\/catedras\/comsoc\/redaccion1\/liberatore\/images.jpeg\" width=\"124\" height=\"122\" \/> Les recuerdo que la comisi\u00f3n de las 14 hs comenzar\u00e1 en la Sala de Inform\u00e1tica y la comisi\u00f3n de las 17 hs., lo har\u00e1 (por \u00fanica vez -aulas ocupadas) a partir de las 18, tambi\u00e9n en la Sala de M\u00e1quinas.<\/p>\n","protected":false},"excerpt":{"rendered":"<p>Les recuerdo que la comisi\u00f3n de las 14 hs comenzar\u00e1 en la Sala de Inform\u00e1tica y la comisi\u00f3n de las 17 hs., lo har\u00e1 (por \u00fanica vez -aulas ocupadas) a partir de las 18, tambi\u00e9n en la Sala de M\u00e1quinas.<\/p>\n","protected":false},"author":19,"featured_media":0,"comment_status":"open","ping_status":"closed","sticky":false,"template":"","format":"standard","meta":{"footnotes":""},"categories":[3],"tags":[],"_links":{"self":[{"href":"https:\/\/redaccion1.fcpolit.unr.edu.ar\/comision-liberatore\/wp-json\/wp\/v2\/posts\/129"}],"collection":[{"href":"https:\/\/redaccion1.fcpolit.unr.edu.ar\/comision-liberatore\/wp-json\/wp\/v2\/posts"}],"about":[{"href":"https:\/\/redaccion1.fcpolit.unr.edu.ar\/comision-liberatore\/wp-json\/wp\/v2\/types\/post"}],"author":[{"embeddable":true,"href":"https:\/\/redaccion1.fcpolit.unr.edu.ar\/comision-liberatore\/wp-json\/wp\/v2\/users\/19"}],"replies":[{"embeddable":true,"href":"https:\/\/redaccion1.fcpolit.unr.edu.ar\/comision-liberatore\/wp-json\/wp\/v2\/comments?post=129"}],"version-history":[{"count":0,"href":"https:\/\/redaccion1.fcpolit.unr.edu.ar\/comision-liberatore\/wp-json\/wp\/v2\/posts\/129\/revisions"}],"wp:attachment":[{"href":"https:\/\/redaccion1.fcpolit.unr.edu.ar\/comision-liberatore\/wp-json\/wp\/v2\/media?parent=129"}],"wp:term":[{"taxonomy":"category","embeddable":true,"href":"https:\/\/redaccion1.fcpolit.unr.edu.ar\/comision-liberatore\/wp-json\/wp\/v2\/categories?post=129"},{"taxonomy":"post_tag","embeddable":true,"href":"https:\/\/redaccion1.fcpolit.unr.edu.ar\/comision-liberatore\/wp-json\/wp\/v2\/tags?post=129"}],"curies":[{"name":"wp","href":"https:\/\/api.w.org\/{rel}","templated":true}]}}