{"id":1272,"date":"2015-10-02T15:13:37","date_gmt":"2015-10-02T15:13:37","guid":{"rendered":"http:\/\/fcpolit.unr.edu.ar\/blogs\/redaccion1-liberatore\/?p=1272"},"modified":"2015-10-02T15:13:37","modified_gmt":"2015-10-02T15:13:37","slug":"resumen-comision-17-30-hs","status":"publish","type":"post","link":"https:\/\/redaccion1.fcpolit.unr.edu.ar\/comision-liberatore\/2015\/10\/02\/resumen-comision-17-30-hs\/","title":{"rendered":"Resumen comisi\u00f3n 17.30 hs"},"content":{"rendered":"<p>Por Josefina Culaso<a href=\"https:\/\/blogs.fcpolit.unr.edu.ar\/redaccion1-liberatore\/files\/2015\/10\/FB_IMG_1442498365500.jpg\"><img loading=\"lazy\" decoding=\"async\" class=\"alignleft  wp-image-1275\" src=\"https:\/\/blogs.fcpolit.unr.edu.ar\/redaccion1-liberatore\/files\/2015\/10\/FB_IMG_1442498365500-300x300.jpg\" alt=\"FB_IMG_1442498365500\" width=\"146\" height=\"146\" \/><\/a><\/p>\n<p>La clase del pasado mi\u00e9rcoles 30 de septiembre consisti\u00f3 principalmente en el desarrollo del \u201cTaller de Lectura: Narrativa\u201d, bas\u00e1ndonos en la Unidad 6 del programa.<\/p>\n<p><!--more--><\/p>\n<p><strong> Las consignas de dicho taller fueron:<\/strong><\/p>\n<p>1) Elegir una lectura reciente. Si es libro detallar t\u00edtulo, autor y macroestructura, pero tambi\u00e9n puede realizarse con una noticia .<\/p>\n<p>2) Analizar y definir la superestructura de acuerdo al contenido del texto. (Acu\u00e9rdense que esto lo pueden refrescar en <a href=\"https:\/\/blogs.fcpolit.unr.edu.ar\/programa\/2008\/04\/12\/superestructuras-narrativas\/\">https:\/\/blogs.fcpolit.unr.edu.ar\/programa\/2008\/04\/12\/superestructuras-narrativas\/<\/a>)<\/p>\n<p>3) Redactar una opini\u00f3n personal acerca de relatar, contar y narrar.<\/p>\n<p>Pueden enviar el Taller de Lectura terminado por mail, \u00a1no se olviden de hacerlo!<\/p>\n<p>Tambi\u00e9n deberemos:<\/p>\n<ul>\n<li>Realizar el trabajo pr\u00e1ctico <a href=\"https:\/\/blogs.fcpolit.unr.edu.ar\/programa\/2012\/05\/22\/relatos-de-una-ciudad\/\">\u201cRelatos de una Ciudad\u201d<\/a> de la Unidad 6<\/li>\n<li>Seguir adelante con el punto 1 de la Unidad 7<\/li>\n<li>Traer un diario en formato papel COMPLETO (no importa el d\u00eda)<\/li>\n<li>Ir decidiendo el tema para el trabajo final<\/li>\n<\/ul>\n<p>Finalmente, la profesora nos record\u00f3 que la fecha del parcial est\u00e1 acordada para el 21 de octubre. Adem\u00e1s, el pr\u00f3ximo mi\u00e9rcoles 7 no habr\u00e1 clases debido al asueto.<\/p>\n<p>\u00a1Nos vemos el 14, saludos a todos!<\/p>\n","protected":false},"excerpt":{"rendered":"<p>Por Josefina Culaso La clase del pasado mi\u00e9rcoles 30 de septiembre consisti\u00f3 principalmente en el desarrollo del \u201cTaller de Lectura: Narrativa\u201d, bas\u00e1ndonos en la Unidad 6 del programa.<\/p>\n","protected":false},"author":16,"featured_media":0,"comment_status":"open","ping_status":"open","sticky":false,"template":"","format":"standard","meta":{"footnotes":""},"categories":[21,3],"tags":[],"_links":{"self":[{"href":"https:\/\/redaccion1.fcpolit.unr.edu.ar\/comision-liberatore\/wp-json\/wp\/v2\/posts\/1272"}],"collection":[{"href":"https:\/\/redaccion1.fcpolit.unr.edu.ar\/comision-liberatore\/wp-json\/wp\/v2\/posts"}],"about":[{"href":"https:\/\/redaccion1.fcpolit.unr.edu.ar\/comision-liberatore\/wp-json\/wp\/v2\/types\/post"}],"author":[{"embeddable":true,"href":"https:\/\/redaccion1.fcpolit.unr.edu.ar\/comision-liberatore\/wp-json\/wp\/v2\/users\/16"}],"replies":[{"embeddable":true,"href":"https:\/\/redaccion1.fcpolit.unr.edu.ar\/comision-liberatore\/wp-json\/wp\/v2\/comments?post=1272"}],"version-history":[{"count":0,"href":"https:\/\/redaccion1.fcpolit.unr.edu.ar\/comision-liberatore\/wp-json\/wp\/v2\/posts\/1272\/revisions"}],"wp:attachment":[{"href":"https:\/\/redaccion1.fcpolit.unr.edu.ar\/comision-liberatore\/wp-json\/wp\/v2\/media?parent=1272"}],"wp:term":[{"taxonomy":"category","embeddable":true,"href":"https:\/\/redaccion1.fcpolit.unr.edu.ar\/comision-liberatore\/wp-json\/wp\/v2\/categories?post=1272"},{"taxonomy":"post_tag","embeddable":true,"href":"https:\/\/redaccion1.fcpolit.unr.edu.ar\/comision-liberatore\/wp-json\/wp\/v2\/tags?post=1272"}],"curies":[{"name":"wp","href":"https:\/\/api.w.org\/{rel}","templated":true}]}}