{"id":1246,"date":"2015-09-13T14:56:46","date_gmt":"2015-09-13T14:56:46","guid":{"rendered":"http:\/\/fcpolit.unr.edu.ar\/blogs\/redaccion1-liberatore\/?p=1246"},"modified":"2015-09-13T14:56:46","modified_gmt":"2015-09-13T14:56:46","slug":"resumen-17-hs","status":"publish","type":"post","link":"https:\/\/redaccion1.fcpolit.unr.edu.ar\/comision-liberatore\/2015\/09\/13\/resumen-17-hs\/","title":{"rendered":"Resumen  17 hs."},"content":{"rendered":"<p><a href=\"https:\/\/blogs.fcpolit.unr.edu.ar\/redaccion1-liberatore\/files\/2015\/09\/webcam-toy-foto33.jpg\"><img loading=\"lazy\" decoding=\"async\" class=\"alignleft size-medium wp-image-1247\" src=\"https:\/\/blogs.fcpolit.unr.edu.ar\/redaccion1-liberatore\/files\/2015\/09\/webcam-toy-foto33-300x225.jpg\" alt=\"webcam-toy-foto33\" width=\"300\" height=\"225\" \/><\/a>Buen d\u00eda compa\u00f1eros.<\/p>\n<p>La clase del pasado 9 de septiembre pusimos en pr\u00e1ctica nuestros conocimientos a la vez que aportamos nuevos. Pero primero, me gustar\u00eda empezar por el principio del encuentro.<\/p>\n<p>&nbsp;<\/p>\n<p><!--more-->\u00a0Como en todas las clases de Redacci\u00f3n, la profesora nos pregunt\u00f3 acerca de nuestras recientes lecturas, tanto noticiosas como literarias, para compartirlas con el resto. Despu\u00e9s de un breve silencio, Ana quiso dar a conocer un recorrido en un blog de viajes. Coment\u00f3 lo interesante que era leer las reflexiones de la autora y disfrutar de las fotos que publicaba de los pa\u00edses que hab\u00eda visitado recientemente. La autora era Rochi Igarzabal y Ana tambi\u00e9n agreg\u00f3 que la redacci\u00f3n no era de las mejores ya que pudo detectar la mala utilizaci\u00f3n de signos de puntuaci\u00f3n y que \u201cescrib\u00eda como hablaba\u201d. Mientras que otros compa\u00f1eros comentaron las noticias le\u00eddas los \u00faltimos d\u00edas, Bruno destac\u00f3 lo satisfecho que estaba al haber le\u00eddo un par de obras del autor Hernan Casciari en su blog. Ana Laura tambi\u00e9n comparti\u00f3 los mismos gustos. Adem\u00e1s, Bruno expres\u00f3 que hab\u00eda comprado su primer comic (cuyo autor es\u00a0Liniers).<\/p>\n<p>Despu\u00e9s de esto, continuamos con la clase haciendo una ejercitaci\u00f3n de taller de lectura. La consigna estaba basada en armar grupo de dos integrantes y poner a prueba nuestros conocimientos acerca de las entrevistas. Cada compa\u00f1ero deb\u00eda plantear sus interrogantes al otro para poder \u201cquitarle\u201d la informaci\u00f3n necesaria acerca del \u00faltimo libro le\u00eddo por el entrevistado.<\/p>\n<p>Una vez que se termin\u00f3 el tiempo para realizar la actividad, empezamos la clase te\u00f3rica profundizando acerca del relato, en qu\u00e9 consist\u00eda y ejemplos del mismo.<\/p>\n<p>Luego tuvimos que dar a conocer el nombre de quien ser\u00eda nuestro entrevistado para el pr\u00f3ximo trabajo y las posibles preguntas que le plantear\u00edamos. La profesora y la ayudante expresaron correcciones y consejos para que nuestra entrevista resulte, en lo posible, exitosa.<\/p>\n<p>Por \u00faltimo, antes de irnos, Ana Laura aconsej\u00f3 que comenz\u00e1ramos a estudiar el contenido te\u00f3rico de la materia porque se acerca la fecha del segundo parcial y nos asign\u00f3 la consigna del pr\u00f3ximo encuentro: traer un texto narrativo.<\/p>\n<p>Pr\u00f3xima clase: textos bases y fuentes \u00a01,2 y 3 unidad N\u00b06<\/p>\n<p>&nbsp;<\/p>\n<p>Muchas gracias por el espacio.<\/p>\n<p>Nos estamos viendo.<\/p>\n","protected":false},"excerpt":{"rendered":"<p>Buen d\u00eda compa\u00f1eros. La clase del pasado 9 de septiembre pusimos en pr\u00e1ctica nuestros conocimientos a la vez que aportamos nuevos. Pero primero, me gustar\u00eda empezar por el principio del encuentro. &nbsp;<\/p>\n","protected":false},"author":16,"featured_media":0,"comment_status":"open","ping_status":"open","sticky":false,"template":"","format":"standard","meta":{"footnotes":""},"categories":[21,3],"tags":[],"_links":{"self":[{"href":"https:\/\/redaccion1.fcpolit.unr.edu.ar\/comision-liberatore\/wp-json\/wp\/v2\/posts\/1246"}],"collection":[{"href":"https:\/\/redaccion1.fcpolit.unr.edu.ar\/comision-liberatore\/wp-json\/wp\/v2\/posts"}],"about":[{"href":"https:\/\/redaccion1.fcpolit.unr.edu.ar\/comision-liberatore\/wp-json\/wp\/v2\/types\/post"}],"author":[{"embeddable":true,"href":"https:\/\/redaccion1.fcpolit.unr.edu.ar\/comision-liberatore\/wp-json\/wp\/v2\/users\/16"}],"replies":[{"embeddable":true,"href":"https:\/\/redaccion1.fcpolit.unr.edu.ar\/comision-liberatore\/wp-json\/wp\/v2\/comments?post=1246"}],"version-history":[{"count":0,"href":"https:\/\/redaccion1.fcpolit.unr.edu.ar\/comision-liberatore\/wp-json\/wp\/v2\/posts\/1246\/revisions"}],"wp:attachment":[{"href":"https:\/\/redaccion1.fcpolit.unr.edu.ar\/comision-liberatore\/wp-json\/wp\/v2\/media?parent=1246"}],"wp:term":[{"taxonomy":"category","embeddable":true,"href":"https:\/\/redaccion1.fcpolit.unr.edu.ar\/comision-liberatore\/wp-json\/wp\/v2\/categories?post=1246"},{"taxonomy":"post_tag","embeddable":true,"href":"https:\/\/redaccion1.fcpolit.unr.edu.ar\/comision-liberatore\/wp-json\/wp\/v2\/tags?post=1246"}],"curies":[{"name":"wp","href":"https:\/\/api.w.org\/{rel}","templated":true}]}}