{"id":122,"date":"2008-11-05T19:21:09","date_gmt":"2008-11-05T19:21:09","guid":{"rendered":"http:\/\/fcpolit.unr.edu.ar\/blogs\/redaccion1-liberatore\/2008\/11\/05\/marcelo-cavarozzi\/"},"modified":"2008-11-05T19:21:09","modified_gmt":"2008-11-05T19:21:09","slug":"marcelo-cavarozzi","status":"publish","type":"post","link":"https:\/\/redaccion1.fcpolit.unr.edu.ar\/comision-liberatore\/2008\/11\/05\/marcelo-cavarozzi\/","title":{"rendered":"MARCELO CAVAROZZI"},"content":{"rendered":"<p>Por Lucrecia Acurso<br \/>\n&#8220;<img loading=\"lazy\" decoding=\"async\" alt=\"na08fo01.jpg\" src=\"http:\/\/www.bdp.org.ar\/facultad\/catedras\/comsoc\/redaccion1\/liberatore\/na08fo01.jpg\" width=\"90\" height=\"120\" align=\"left\" hspace=\"20\" \/>La mayor\u00eda de los liderazgos de Am\u00e9rica Latina tienen que ver con el personalismo&#8221;.<br \/>\nEl polit\u00f3logo argentino Marcelo Cavarozzi se present\u00f3 en una conferencia titulada: &#8220;Perspectivas y desaf\u00edos para Am\u00e9rica Latina&#8221;, durante la primer jornada del VIII Congreso Nacional y I Internacional sobre Democracia en la Fac. de Ciencia Pol\u00edtica y RRII.<\/p>\n<p><!--more--><br \/>\nEncuentro con un especialista.<br \/>\nLucrecia:\u00bfC\u00f3mo ha quedado el escenario pol\u00edtico latinoamericano luego de las diferentes elecciones que se han dado en la \u00faltima d\u00e9cada? Por ejemplo, Bachelet, en Chile; Lugo, en Paraguay.<br \/>\nM.C.: Bueno, como dec\u00eda en mi presentaci\u00f3n, creo que \u00e9stas elecciones indican la posibilidad de recuperar la iniciativa de la pol\u00edtica. Est\u00e1n revelando en muchos casos, quiz\u00e1s no en Chie, porque es el m\u00e1s complicado; pero en Bolivia, en Paraguay, y mismo en Argentina, por todas las caracter\u00edsticas que tiene; la posibilidad de renovar la pol\u00edtica y en ese sentido me parece equivocado caracterizarlas de Izquierda o de Derecha, sino mas bien como oportunidad para el espacio pol\u00edtico.<br \/>\n<strong>Lucrecia:<\/strong> Con respecto a Argentina: \u00bfCu\u00e1l es su visi\u00f3n de nuestros \u00faltimos gobiernos? \u00bfCree que es una continuidad? \u00bfHay diferencias entre N\u00e9stor y Cristina?<br \/>\n<strong>M.C.: <\/strong>No, creo que hay una gran continuidad entre N\u00e9stor y Cristina. Me parece que hay muy poca diferencia entre uno y otro. En ese sentido creo que la pena de eso es que se est\u00e1 perdiendo una oportunidad para producir algunas transformaciones, que pueden ser positivas, aprovechando las cualidades que tiene Argentina.<br \/>\n<strong>Lucrecia:<\/strong> A partir del conflicto del Campo se han renovado algunos t\u00e9rminos que hab\u00edan quedado olvidados, por ejemplo: Federalismo &#8211; Coparticipaci\u00f3n &#8211; El papel del Congreso, como referente de la Democracia. \u00bfQu\u00e9 tiene para decir sobre \u00e9ste tema?<br \/>\n<strong>M.C<\/strong>. Yo creo que esas tres cuestiones hay que sacarlas de la manera que se insertaron en el conflicto del Campo. Porque creo que el conflicto del Campo, es un conflicto de intereses, es un conflicto que contagia, impregan cuestiones. Me parece que a esos tres t\u00e9rminos hay que recuperarlos para una difusi\u00f3n pol\u00edtica m\u00e1s inteligente y tambi\u00e9n m\u00e1s progresista.<br \/>\nNo hay que olvidarse que en el Campo hay sectores terratenientes que nunca quisieron pagar impuestos en la Argentina, \u00e9sto no debemos olvidarlos. Como a su vez, del lado del Gobierno, obviamente, la implementaci\u00f3n que se hizo en el tema retenciones, tiene que ver con un intento de quebrar la Federalizaci\u00f3n, no hacer un sistema de Coparticipaci\u00f3n m\u00e1s o menos razonable, y, como hizo durante 5 o 6 a\u00f1os, el gobierno de Kirchner, le ha negado espacio al Congreso.<br \/>\nEsos temas hay que tratarlos fuera del tema del Campo. Es decir, son problemas no s\u00f3lo referidos al Campo, sino problemas que tiene el Sistema Pol\u00edtico Argentino.<br \/>\n<strong>L: <\/strong>\u00bfQu\u00e9 opini\u00f3n le merece la consistencia de figuras de tanto peso en Am\u00e9rica Latina, siendo ellas tan diferentes? Por ejemplo: Evo Morales, Ch\u00e1vez (Izquierdistas) y en M\u00e9xico, Felipe Calder\u00f3n.<br \/>\n<strong>M.C:<\/strong> Me parece que la mayor\u00eda de los liderazgos de Am\u00e9rica Latina, no todos, tienen que ver con un personalismo, que no es un camino de largo plazo adecuado.<br \/>\nEn la medida que esos personalismos, como se\u00f1alaba Fernando Calder\u00f3n, expresen proceso m\u00e1s profundos, como es el caso de Evo, no est\u00e1 mal. Ahora, cuando esos personalismos, como Ch\u00e1vez, Uribe; inventan episodios, creo que no es bueno ni para la regi\u00f3n, ni para sus respectivos pa\u00edses. No son buenos para la regi\u00f3n, porque distraen a Am\u00e9rica Latina de los verdaderos problemas. Los verdaderos problemas tienen que ver con c\u00f3mo la pol\u00edtica tiene que hacer algo m\u00e1s en relaci\u00f3n a sociedades m\u00e1s racionales y m\u00e1s equitativas.<\/p>\n","protected":false},"excerpt":{"rendered":"<p>Por Lucrecia Acurso &#8220;La mayor\u00eda de los liderazgos de Am\u00e9rica Latina tienen que ver con el personalismo&#8221;. El polit\u00f3logo argentino Marcelo Cavarozzi se present\u00f3 en una conferencia titulada: &#8220;Perspectivas y desaf\u00edos para Am\u00e9rica Latina&#8221;, durante la primer jornada del VIII Congreso Nacional y I Internacional sobre Democracia en la Fac. de Ciencia Pol\u00edtica y RRII.<\/p>\n","protected":false},"author":19,"featured_media":0,"comment_status":"open","ping_status":"closed","sticky":false,"template":"","format":"standard","meta":{"footnotes":""},"categories":[4],"tags":[],"_links":{"self":[{"href":"https:\/\/redaccion1.fcpolit.unr.edu.ar\/comision-liberatore\/wp-json\/wp\/v2\/posts\/122"}],"collection":[{"href":"https:\/\/redaccion1.fcpolit.unr.edu.ar\/comision-liberatore\/wp-json\/wp\/v2\/posts"}],"about":[{"href":"https:\/\/redaccion1.fcpolit.unr.edu.ar\/comision-liberatore\/wp-json\/wp\/v2\/types\/post"}],"author":[{"embeddable":true,"href":"https:\/\/redaccion1.fcpolit.unr.edu.ar\/comision-liberatore\/wp-json\/wp\/v2\/users\/19"}],"replies":[{"embeddable":true,"href":"https:\/\/redaccion1.fcpolit.unr.edu.ar\/comision-liberatore\/wp-json\/wp\/v2\/comments?post=122"}],"version-history":[{"count":0,"href":"https:\/\/redaccion1.fcpolit.unr.edu.ar\/comision-liberatore\/wp-json\/wp\/v2\/posts\/122\/revisions"}],"wp:attachment":[{"href":"https:\/\/redaccion1.fcpolit.unr.edu.ar\/comision-liberatore\/wp-json\/wp\/v2\/media?parent=122"}],"wp:term":[{"taxonomy":"category","embeddable":true,"href":"https:\/\/redaccion1.fcpolit.unr.edu.ar\/comision-liberatore\/wp-json\/wp\/v2\/categories?post=122"},{"taxonomy":"post_tag","embeddable":true,"href":"https:\/\/redaccion1.fcpolit.unr.edu.ar\/comision-liberatore\/wp-json\/wp\/v2\/tags?post=122"}],"curies":[{"name":"wp","href":"https:\/\/api.w.org\/{rel}","templated":true}]}}