{"id":1213,"date":"2015-08-15T18:52:36","date_gmt":"2015-08-15T18:52:36","guid":{"rendered":"http:\/\/fcpolit.unr.edu.ar\/blogs\/redaccion1-liberatore\/?p=1213"},"modified":"2015-08-15T18:52:36","modified_gmt":"2015-08-15T18:52:36","slug":"resumen-de-clase-comision-17-hs-5","status":"publish","type":"post","link":"https:\/\/redaccion1.fcpolit.unr.edu.ar\/comision-liberatore\/2015\/08\/15\/resumen-de-clase-comision-17-hs-5\/","title":{"rendered":"Resumen de clase. Comisi\u00f3n 17 hs."},"content":{"rendered":"<p><span style=\"font-weight: 400\">Por S\u00e1nchez Corina<\/span><\/p>\n<p><span style=\"font-weight: 400\"> \u00a0<\/span><span style=\"font-weight: 400\">\u00a1Hola compa\u00f1eros! <\/span><\/p>\n<p><span style=\"font-weight: 400\">Como ya saben todos, a fin de cada clase de los mi\u00e9rcoles por la tarde en redacci\u00f3n a las 17:00 hs., la profesora Ana Liberatore pregunta quien describir\u00e1 la misma\u00a0y como ven me he ofrecido para comunicarles y presentarles los trabajos pr\u00e1cticos y las lecturas que debemos realizar para el mi\u00e9rcoles 19 de Agosto.<\/span><!--more--><\/p>\n<p><span style=\"font-weight: 400\">Al principio de la clase del 12\/08 comenzamos hablando sobre la descripci\u00f3n de cohesi\u00f3n, que a su vez era un tema de la clase anterior que trataba de la unidad n\u00ba4 y no hab\u00edamos terminado ;\u00a0seguimos trabajando la unidad n\u00ba 4 sobre superestructura, Instructivo y desarrollo. Realizamos en clase un trabajo pr\u00e1ctico con las dos noticias que hab\u00eda que llevar\u00a0de tarea.<\/span><\/p>\n<p><span style=\"font-weight: 400\">Al final de la clase la profesora nos dict\u00f3 los trabajos que hay que hacer para entregar el d\u00eda 19\/08:<\/span><\/p>\n<ul>\n<li style=\"font-weight: 400\"><span style=\"font-weight: 400\">Llevar terminado el trabajo pr\u00e1ctico que empezamos hacer sobre las noticias.<\/span><\/li>\n<li style=\"font-weight: 400\"><span style=\"font-weight: 400\">Buscar el trabajo pr\u00e1ctico llamado \u00a0\u201cAlgo de lo que sabemos hacer\u201d. <\/span><\/li>\n<li style=\"font-weight: 400\"><span style=\"font-weight: 400\">Leer la unidad n\u00ba5.<\/span><\/li>\n<li style=\"font-weight: 400\"><span style=\"font-weight: 400\">Mirar la pel\u00edcula y leer de \u201cLos Diez negritos\u201d.<\/span><\/li>\n<\/ul>\n<p><span style=\"font-weight: 400\">\u00a1Nos vemos en la siguiente clase! \u00a0\u00a0\u00a0\u00a0\u00a0\u00a0\u00a0\u00a0\u00a0\u00a0\u00a0\u00a0\u00a0\u00a0\u00a0\u00a0\u00a0\u00a0\u00a0\u00a0\u00a0\u00a0\u00a0\u00a0\u00a0\u00a0\u00a0\u00a0\u00a0\u00a0<\/span><\/p>\n","protected":false},"excerpt":{"rendered":"<p>Por S\u00e1nchez Corina \u00a0\u00a1Hola compa\u00f1eros! Como ya saben todos, a fin de cada clase de los mi\u00e9rcoles por la tarde en redacci\u00f3n a las 17:00 hs., la profesora Ana Liberatore pregunta quien describir\u00e1 la misma\u00a0y como ven me he ofrecido para comunicarles y presentarles los trabajos pr\u00e1cticos y las lecturas que debemos realizar para el [&hellip;]<\/p>\n","protected":false},"author":16,"featured_media":0,"comment_status":"open","ping_status":"open","sticky":false,"template":"","format":"standard","meta":{"footnotes":""},"categories":[21,3],"tags":[],"_links":{"self":[{"href":"https:\/\/redaccion1.fcpolit.unr.edu.ar\/comision-liberatore\/wp-json\/wp\/v2\/posts\/1213"}],"collection":[{"href":"https:\/\/redaccion1.fcpolit.unr.edu.ar\/comision-liberatore\/wp-json\/wp\/v2\/posts"}],"about":[{"href":"https:\/\/redaccion1.fcpolit.unr.edu.ar\/comision-liberatore\/wp-json\/wp\/v2\/types\/post"}],"author":[{"embeddable":true,"href":"https:\/\/redaccion1.fcpolit.unr.edu.ar\/comision-liberatore\/wp-json\/wp\/v2\/users\/16"}],"replies":[{"embeddable":true,"href":"https:\/\/redaccion1.fcpolit.unr.edu.ar\/comision-liberatore\/wp-json\/wp\/v2\/comments?post=1213"}],"version-history":[{"count":0,"href":"https:\/\/redaccion1.fcpolit.unr.edu.ar\/comision-liberatore\/wp-json\/wp\/v2\/posts\/1213\/revisions"}],"wp:attachment":[{"href":"https:\/\/redaccion1.fcpolit.unr.edu.ar\/comision-liberatore\/wp-json\/wp\/v2\/media?parent=1213"}],"wp:term":[{"taxonomy":"category","embeddable":true,"href":"https:\/\/redaccion1.fcpolit.unr.edu.ar\/comision-liberatore\/wp-json\/wp\/v2\/categories?post=1213"},{"taxonomy":"post_tag","embeddable":true,"href":"https:\/\/redaccion1.fcpolit.unr.edu.ar\/comision-liberatore\/wp-json\/wp\/v2\/tags?post=1213"}],"curies":[{"name":"wp","href":"https:\/\/api.w.org\/{rel}","templated":true}]}}