{"id":121,"date":"2008-11-05T13:32:26","date_gmt":"2008-11-05T13:32:26","guid":{"rendered":"http:\/\/fcpolit.unr.edu.ar\/blogs\/redaccion1-liberatore\/2008\/11\/05\/amarrando-el-barco\/"},"modified":"2008-11-05T13:32:26","modified_gmt":"2008-11-05T13:32:26","slug":"amarrando-el-barco","status":"publish","type":"post","link":"https:\/\/redaccion1.fcpolit.unr.edu.ar\/comision-liberatore\/2008\/11\/05\/amarrando-el-barco\/","title":{"rendered":"Amarrando el barco"},"content":{"rendered":"<p>Con la proa orientada hacia la costa, ya estamos preparados para encallar\u00a1\u00a1\u00a1solo falta amarrar !!!!!!<img loading=\"lazy\" decoding=\"async\" alt=\"CAC56J09.jpg\" src=\"http:\/\/www.bdp.org.ar\/facultad\/catedras\/comsoc\/redaccion1\/liberatore\/CAC56J09.jpg\" width=\"113\" height=\"72\" \/><br \/>\nLes recuerdo que este es el momento, para poner en juego los caminos recorridos durante el a\u00f1o en Redacci\u00f3n, adem\u00e1s, tengan en cuenta que es importante que lo aprendido se encuentre reflejado en el \u00faltimo TP, para as\u00ed, poder completar el ciclo.<br \/>\nAdem\u00e1s quiero decirles que estoy esper\u00e1ndolos \u00a1y lista para ayudarlos a amarrar el barco!<\/p>\n","protected":false},"excerpt":{"rendered":"<p>Con la proa orientada hacia la costa, ya estamos preparados para encallar\u00a1\u00a1\u00a1solo falta amarrar !!!!!! Les recuerdo que este es el momento, para poner en juego los caminos recorridos durante el a\u00f1o en Redacci\u00f3n, adem\u00e1s, tengan en cuenta que es importante que lo aprendido se encuentre reflejado en el \u00faltimo TP, para as\u00ed, poder completar [&hellip;]<\/p>\n","protected":false},"author":19,"featured_media":0,"comment_status":"open","ping_status":"closed","sticky":false,"template":"","format":"standard","meta":{"footnotes":""},"categories":[3],"tags":[],"_links":{"self":[{"href":"https:\/\/redaccion1.fcpolit.unr.edu.ar\/comision-liberatore\/wp-json\/wp\/v2\/posts\/121"}],"collection":[{"href":"https:\/\/redaccion1.fcpolit.unr.edu.ar\/comision-liberatore\/wp-json\/wp\/v2\/posts"}],"about":[{"href":"https:\/\/redaccion1.fcpolit.unr.edu.ar\/comision-liberatore\/wp-json\/wp\/v2\/types\/post"}],"author":[{"embeddable":true,"href":"https:\/\/redaccion1.fcpolit.unr.edu.ar\/comision-liberatore\/wp-json\/wp\/v2\/users\/19"}],"replies":[{"embeddable":true,"href":"https:\/\/redaccion1.fcpolit.unr.edu.ar\/comision-liberatore\/wp-json\/wp\/v2\/comments?post=121"}],"version-history":[{"count":0,"href":"https:\/\/redaccion1.fcpolit.unr.edu.ar\/comision-liberatore\/wp-json\/wp\/v2\/posts\/121\/revisions"}],"wp:attachment":[{"href":"https:\/\/redaccion1.fcpolit.unr.edu.ar\/comision-liberatore\/wp-json\/wp\/v2\/media?parent=121"}],"wp:term":[{"taxonomy":"category","embeddable":true,"href":"https:\/\/redaccion1.fcpolit.unr.edu.ar\/comision-liberatore\/wp-json\/wp\/v2\/categories?post=121"},{"taxonomy":"post_tag","embeddable":true,"href":"https:\/\/redaccion1.fcpolit.unr.edu.ar\/comision-liberatore\/wp-json\/wp\/v2\/tags?post=121"}],"curies":[{"name":"wp","href":"https:\/\/api.w.org\/{rel}","templated":true}]}}