{"id":1198,"date":"2015-07-22T13:12:21","date_gmt":"2015-07-22T13:12:21","guid":{"rendered":"http:\/\/fcpolit.unr.edu.ar\/blogs\/redaccion1-liberatore\/?p=1198"},"modified":"2015-07-22T13:12:21","modified_gmt":"2015-07-22T13:12:21","slug":"invitaciones","status":"publish","type":"post","link":"https:\/\/redaccion1.fcpolit.unr.edu.ar\/comision-liberatore\/2015\/07\/22\/invitaciones\/","title":{"rendered":"Invitaciones"},"content":{"rendered":"<h1 style=\"margin: 0cm 0cm 3.75pt 0cm\"><\/h1>\n<p>Estimad\u00edsimossssss<\/p>\n<p>Les dejamos dos invitaciones que pueden ser de vuestro inter\u00e9s.<\/p>\n<p><span style=\"font-size: 10.0pt;font-family: 'Georgia','serif';color: #444444\">Llega la IV edici\u00f3n del <a href=\"http:\/\/www.aptus.com.ar\/llega-la-iv-edicion-del-festival-internacional-de-novela-policial\/\">Festival Internacional de Novela Policial<\/a> \u00a0( 31 de julio al 8 de agosto)<\/span><\/p>\n<h1 style=\"margin: 0cm 0cm 3.75pt 0cm\"><span style=\"font-size: 10.0pt;font-family: 'Georgia','serif';color: #444444\">Festival de historietas: <a href=\"http:\/\/crackbangboom.com.ar\/\">Crack Bang Boom<\/a> (del 13 al 16 de agosto)<\/span><\/h1>\n<p>&nbsp;<\/p>\n","protected":false},"excerpt":{"rendered":"<p>Estimad\u00edsimossssss Les dejamos dos invitaciones que pueden ser de vuestro inter\u00e9s. Llega la IV edici\u00f3n del Festival Internacional de Novela Policial \u00a0( 31 de julio al 8 de agosto) Festival de historietas: Crack Bang Boom (del 13 al 16 de agosto) &nbsp;<\/p>\n","protected":false},"author":16,"featured_media":0,"comment_status":"open","ping_status":"open","sticky":false,"template":"","format":"standard","meta":{"footnotes":""},"categories":[21,3],"tags":[],"_links":{"self":[{"href":"https:\/\/redaccion1.fcpolit.unr.edu.ar\/comision-liberatore\/wp-json\/wp\/v2\/posts\/1198"}],"collection":[{"href":"https:\/\/redaccion1.fcpolit.unr.edu.ar\/comision-liberatore\/wp-json\/wp\/v2\/posts"}],"about":[{"href":"https:\/\/redaccion1.fcpolit.unr.edu.ar\/comision-liberatore\/wp-json\/wp\/v2\/types\/post"}],"author":[{"embeddable":true,"href":"https:\/\/redaccion1.fcpolit.unr.edu.ar\/comision-liberatore\/wp-json\/wp\/v2\/users\/16"}],"replies":[{"embeddable":true,"href":"https:\/\/redaccion1.fcpolit.unr.edu.ar\/comision-liberatore\/wp-json\/wp\/v2\/comments?post=1198"}],"version-history":[{"count":0,"href":"https:\/\/redaccion1.fcpolit.unr.edu.ar\/comision-liberatore\/wp-json\/wp\/v2\/posts\/1198\/revisions"}],"wp:attachment":[{"href":"https:\/\/redaccion1.fcpolit.unr.edu.ar\/comision-liberatore\/wp-json\/wp\/v2\/media?parent=1198"}],"wp:term":[{"taxonomy":"category","embeddable":true,"href":"https:\/\/redaccion1.fcpolit.unr.edu.ar\/comision-liberatore\/wp-json\/wp\/v2\/categories?post=1198"},{"taxonomy":"post_tag","embeddable":true,"href":"https:\/\/redaccion1.fcpolit.unr.edu.ar\/comision-liberatore\/wp-json\/wp\/v2\/tags?post=1198"}],"curies":[{"name":"wp","href":"https:\/\/api.w.org\/{rel}","templated":true}]}}