{"id":1179,"date":"2015-07-03T12:45:38","date_gmt":"2015-07-03T12:45:38","guid":{"rendered":"http:\/\/fcpolit.unr.edu.ar\/blogs\/redaccion1-liberatore\/?p=1179"},"modified":"2015-07-03T12:45:38","modified_gmt":"2015-07-03T12:45:38","slug":"miercoles-17-hs","status":"publish","type":"post","link":"https:\/\/redaccion1.fcpolit.unr.edu.ar\/comision-liberatore\/2015\/07\/03\/miercoles-17-hs\/","title":{"rendered":"Mi\u00e9rcoles 17 hs."},"content":{"rendered":"<p>Por Lucia Lissoni<a href=\"https:\/\/blogs.fcpolit.unr.edu.ar\/redaccion1-liberatore\/files\/2015\/07\/unnamed.jpg\"><img loading=\"lazy\" decoding=\"async\" class=\"alignright size-thumbnail wp-image-1181\" src=\"https:\/\/blogs.fcpolit.unr.edu.ar\/redaccion1-liberatore\/files\/2015\/07\/unnamed-150x150.jpg\" alt=\"unnamed\" width=\"150\" height=\"150\" \/><\/a><\/p>\n<p>En este nuevo encuentro luego de la semana pasada de no tener clases , los compa\u00f1eros comenzaron con el recuperatorio del primer parcial. Esperamos a que terminaran para hablar sobre las devoluciones de los parciales y entregas de trabajos pr\u00e1cticos.<\/p>\n<p><!--more--><\/p>\n<p>Mientras tanto\u00a0, seguimos con nuestras lecturas por placer y la profesora cont\u00f3 sobre su experiencia con la lectura del \u00faltimo libro de\u00a0Umberto Eco. La profe hizo hincapi\u00e9 en que comenz\u00e1ramos a leer m\u00e1s noticias , como una sugerencia.<\/p>\n<p>La parte te\u00f3rica de la clase sigui\u00f3 con el avance de la unidad 2 con sus textos bases y fuentes.<a href=\"https:\/\/blogs.fcpolit.unr.edu.ar\/programa\/2008\/03\/08\/la-lectura-como-proceso-cognitivo-y-comunicativo\/\">La lectura como proceso cognitivo y comunicativo<\/a>\u00a0,\u00a0<a href=\"https:\/\/blogs.fcpolit.unr.edu.ar\/programa\/2008\/03\/10\/estrategias-y-tareas-de-la-comprension-lectora\/\">Estrategias y tareas de la comprensi\u00f3n lectora<\/a>\u00a0y <a href=\"https:\/\/blogs.fcpolit.unr.edu.ar\/programa\/2008\/03\/10\/las-tareas-de-los-lectores-mabel-marro-y-amalia-dellamea\/\">Tareas b\u00e1sicas del lector<\/a>. Junto con estos textos tuvimos que realizar un trabajo pr\u00e0ctico en clase que tuvimos que enviarlo por mail: <a href=\"https:\/\/blogs.fcpolit.unr.edu.ar\/programa\/2008\/03\/10\/tareas-de-lector\/\">https:\/\/blogs.fcpolit.unr.edu.ar\/programa\/2008\/03\/10\/tareas-de-lector\/<\/a><\/p>\n<p>Recuerden que el pr\u00f3ximo mi\u00e9rcoles 8\/7 SI tendremos clases , as\u00ed que a avanzar con la lectura de las unidades 2 y 3 y hacer el trabajo pr\u00e1ctico \u201cTareas del lector\u201d.<\/p>\n<p>Hasta la pr\u00f3xima..<\/p>\n<p>PD: para el retorno en el segundo cuatrimestre, los auxiliares alumnos est\u00e1n preparando una actividad y necesitan que leamos el texto:<a href=\"https:\/\/chimichurris.files.wordpress.com\/2013\/02\/christie-agatha-diez-negritos.pdf\">\u00a0&#8220;Los diez negritos&#8221;<\/a>, texto de Agatha Christie.<\/p>\n","protected":false},"excerpt":{"rendered":"<p>Por Lucia Lissoni En este nuevo encuentro luego de la semana pasada de no tener clases , los compa\u00f1eros comenzaron con el recuperatorio del primer parcial. Esperamos a que terminaran para hablar sobre las devoluciones de los parciales y entregas de trabajos pr\u00e1cticos.<\/p>\n","protected":false},"author":16,"featured_media":0,"comment_status":"open","ping_status":"open","sticky":false,"template":"","format":"standard","meta":{"footnotes":""},"categories":[21,3],"tags":[],"_links":{"self":[{"href":"https:\/\/redaccion1.fcpolit.unr.edu.ar\/comision-liberatore\/wp-json\/wp\/v2\/posts\/1179"}],"collection":[{"href":"https:\/\/redaccion1.fcpolit.unr.edu.ar\/comision-liberatore\/wp-json\/wp\/v2\/posts"}],"about":[{"href":"https:\/\/redaccion1.fcpolit.unr.edu.ar\/comision-liberatore\/wp-json\/wp\/v2\/types\/post"}],"author":[{"embeddable":true,"href":"https:\/\/redaccion1.fcpolit.unr.edu.ar\/comision-liberatore\/wp-json\/wp\/v2\/users\/16"}],"replies":[{"embeddable":true,"href":"https:\/\/redaccion1.fcpolit.unr.edu.ar\/comision-liberatore\/wp-json\/wp\/v2\/comments?post=1179"}],"version-history":[{"count":0,"href":"https:\/\/redaccion1.fcpolit.unr.edu.ar\/comision-liberatore\/wp-json\/wp\/v2\/posts\/1179\/revisions"}],"wp:attachment":[{"href":"https:\/\/redaccion1.fcpolit.unr.edu.ar\/comision-liberatore\/wp-json\/wp\/v2\/media?parent=1179"}],"wp:term":[{"taxonomy":"category","embeddable":true,"href":"https:\/\/redaccion1.fcpolit.unr.edu.ar\/comision-liberatore\/wp-json\/wp\/v2\/categories?post=1179"},{"taxonomy":"post_tag","embeddable":true,"href":"https:\/\/redaccion1.fcpolit.unr.edu.ar\/comision-liberatore\/wp-json\/wp\/v2\/tags?post=1179"}],"curies":[{"name":"wp","href":"https:\/\/api.w.org\/{rel}","templated":true}]}}