{"id":110,"date":"2008-09-25T22:35:58","date_gmt":"2008-09-25T22:35:58","guid":{"rendered":"http:\/\/fcpolit.unr.edu.ar\/blogs\/redaccion1-liberatore\/2008\/09\/25\/actividad-reconociendo-el-relato\/"},"modified":"2008-09-25T22:35:58","modified_gmt":"2008-09-25T22:35:58","slug":"actividad-reconociendo-el-relato","status":"publish","type":"post","link":"https:\/\/redaccion1.fcpolit.unr.edu.ar\/comision-liberatore\/2008\/09\/25\/actividad-reconociendo-el-relato\/","title":{"rendered":"Actividad: Reconociendo el relato"},"content":{"rendered":"<p><img loading=\"lazy\" decoding=\"async\" alt=\"cuenta%20cuentos.jpg\" src=\"http:\/\/www.bdp.org.ar\/facultad\/catedras\/comsoc\/redaccion1\/liberatore\/cuenta%20cuentos.jpg\" width=\"125\" height=\"52\" align=\"left\" hspace=\"20\" \/><br \/>\nLa construcci\u00f3n de un relato, es el proceso en el cual, muchas operaciones intelectuales se organizan para dar cuenta de un acontecimiento que tal vez nos sirva para ejemplificar, para convencer o para informar y prevenir, como muchas otras tantas intenciones, pero este es el momento de relatar con un fin pedag\u00f3gico y de crecimiento personal.<br \/>\nEsperamos sus creativas producciones.<\/p>\n<p><!--more--><br \/>\n1)\tCont\u00e1 una peque\u00f1a historia, real o imaginaria, e identific\u00e1 en la misma los pares de acciones, los personajes y las modalidades temporales que se registran.<br \/>\n2)\t\u00bfPor qu\u00e9 es un relato?<\/p>\n","protected":false},"excerpt":{"rendered":"<p>La construcci\u00f3n de un relato, es el proceso en el cual, muchas operaciones intelectuales se organizan para dar cuenta de un acontecimiento que tal vez nos sirva para ejemplificar, para convencer o para informar y prevenir, como muchas otras tantas intenciones, pero este es el momento de relatar con un fin pedag\u00f3gico y de crecimiento [&hellip;]<\/p>\n","protected":false},"author":19,"featured_media":0,"comment_status":"open","ping_status":"closed","sticky":false,"template":"","format":"standard","meta":{"footnotes":""},"categories":[3],"tags":[],"_links":{"self":[{"href":"https:\/\/redaccion1.fcpolit.unr.edu.ar\/comision-liberatore\/wp-json\/wp\/v2\/posts\/110"}],"collection":[{"href":"https:\/\/redaccion1.fcpolit.unr.edu.ar\/comision-liberatore\/wp-json\/wp\/v2\/posts"}],"about":[{"href":"https:\/\/redaccion1.fcpolit.unr.edu.ar\/comision-liberatore\/wp-json\/wp\/v2\/types\/post"}],"author":[{"embeddable":true,"href":"https:\/\/redaccion1.fcpolit.unr.edu.ar\/comision-liberatore\/wp-json\/wp\/v2\/users\/19"}],"replies":[{"embeddable":true,"href":"https:\/\/redaccion1.fcpolit.unr.edu.ar\/comision-liberatore\/wp-json\/wp\/v2\/comments?post=110"}],"version-history":[{"count":0,"href":"https:\/\/redaccion1.fcpolit.unr.edu.ar\/comision-liberatore\/wp-json\/wp\/v2\/posts\/110\/revisions"}],"wp:attachment":[{"href":"https:\/\/redaccion1.fcpolit.unr.edu.ar\/comision-liberatore\/wp-json\/wp\/v2\/media?parent=110"}],"wp:term":[{"taxonomy":"category","embeddable":true,"href":"https:\/\/redaccion1.fcpolit.unr.edu.ar\/comision-liberatore\/wp-json\/wp\/v2\/categories?post=110"},{"taxonomy":"post_tag","embeddable":true,"href":"https:\/\/redaccion1.fcpolit.unr.edu.ar\/comision-liberatore\/wp-json\/wp\/v2\/tags?post=110"}],"curies":[{"name":"wp","href":"https:\/\/api.w.org\/{rel}","templated":true}]}}