{"id":1066,"date":"2014-10-24T12:07:43","date_gmt":"2014-10-24T12:07:43","guid":{"rendered":"http:\/\/fcpolit.unr.edu.ar\/blogs\/redaccion1-liberatore\/?p=1066"},"modified":"2014-10-24T12:07:43","modified_gmt":"2014-10-24T12:07:43","slug":"resumen-de-clase-comision-17-hs-4","status":"publish","type":"post","link":"https:\/\/redaccion1.fcpolit.unr.edu.ar\/comision-liberatore\/2014\/10\/24\/resumen-de-clase-comision-17-hs-4\/","title":{"rendered":"Resumen de clase. Comisi\u00f3n 17 hs."},"content":{"rendered":"<div>\n<div>\n<div>\n<div>Por Esteban D\u00edaz<\/div>\n<div><\/div>\n<div>\u00bfQu\u00e9 tal compa\u00f1eros?<\/div>\n<p>Me ha tocado hacer el resumen de la clase del d\u00eda 22\/10, espero que les sea de ayuda.<\/p><\/div>\n<p>\u00a1Entramos en la parte final del a\u00f1o!.<\/p><\/div>\n<\/div>\n<p><!--more--><\/p>\n<p>&nbsp;<\/p>\n<div>\n<div>\n<div>\n<div>\n<div>\n<div>La clase pasada fue\u00a0distinta a las dem\u00e1s, tuvimos la presencia de estudiantes de a\u00f1os superiores, pertenecientes al Centro de Estudiantes, que expusieron una clase basada en derechos humanos.<\/div>\n<div><\/div>\n<p>En un principio, los chicos mostraron un video en donde participaban diversas personalidades realizando declaraciones &#8220;pol\u00e9micas&#8221;, podr\u00edamos decir. Esto llev\u00f3 a que en la sala se abra una especie de debate, con ideas que coincid\u00edan con lo que expon\u00edan los chicos, como tambi\u00e9n con otras que se opon\u00edan.<\/p><\/div>\n<div><\/div>\n<p>Luego, se analiz\u00f3 la aparici\u00f3n de diversos casos de violencia o delincuencia (como Melina Romero, \u00c1ngeles Rawson o el caso local de &#8220;Jere, Mono y Pat\u00f3n&#8221;) seg\u00fan los medios de comunicaci\u00f3n y las fuentes de cada caso. Una muy interesante exposici\u00f3n \u00a0donde aparecieron las voces de la mayor\u00eda de los compa\u00f1eros.<\/p><\/div>\n<div><\/div>\n<p>Para finalizar, la clase volvi\u00f3 a la normalidad: despedida de los chicos y an\u00e1lisis de la teor\u00eda.<\/p><\/div>\n<div><\/div>\n<p>Te\u00f3ricamente, el centro de la atenci\u00f3n est\u00e1 en la argumentaci\u00f3n, lo que se trat\u00f3 en esta clase fueron 2 puntos: convencer desde la l\u00f3gica y persuadir desde la emoci\u00f3n. Adem\u00e1s, estudiamos cu\u00e1ndo un texto es argumentativo y cu\u00e1ndo no.<\/p><\/div>\n<p>Esto fue todo por hoy, recordar hacer los trabajos pr\u00e1cticos Reporteros por un d\u00eda y que entregaron los chicos que expusieron su clase, la gu\u00eda de ejes y fuentes. Este \u00faltimo trabajo se trata de realizar un texto argumentativo eligiendo una de las superestructuras: dial\u00e9ctica o secuencial.<\/p><\/div>\n<div>Saludos, Esteban.<\/div>\n<p>&nbsp;<\/p>\n","protected":false},"excerpt":{"rendered":"<p>Por Esteban D\u00edaz \u00bfQu\u00e9 tal compa\u00f1eros? Me ha tocado hacer el resumen de la clase del d\u00eda 22\/10, espero que les sea de ayuda. \u00a1Entramos en la parte final del a\u00f1o!.<\/p>\n","protected":false},"author":16,"featured_media":0,"comment_status":"open","ping_status":"open","sticky":false,"template":"","format":"standard","meta":{"footnotes":""},"categories":[15,16],"tags":[],"_links":{"self":[{"href":"https:\/\/redaccion1.fcpolit.unr.edu.ar\/comision-liberatore\/wp-json\/wp\/v2\/posts\/1066"}],"collection":[{"href":"https:\/\/redaccion1.fcpolit.unr.edu.ar\/comision-liberatore\/wp-json\/wp\/v2\/posts"}],"about":[{"href":"https:\/\/redaccion1.fcpolit.unr.edu.ar\/comision-liberatore\/wp-json\/wp\/v2\/types\/post"}],"author":[{"embeddable":true,"href":"https:\/\/redaccion1.fcpolit.unr.edu.ar\/comision-liberatore\/wp-json\/wp\/v2\/users\/16"}],"replies":[{"embeddable":true,"href":"https:\/\/redaccion1.fcpolit.unr.edu.ar\/comision-liberatore\/wp-json\/wp\/v2\/comments?post=1066"}],"version-history":[{"count":0,"href":"https:\/\/redaccion1.fcpolit.unr.edu.ar\/comision-liberatore\/wp-json\/wp\/v2\/posts\/1066\/revisions"}],"wp:attachment":[{"href":"https:\/\/redaccion1.fcpolit.unr.edu.ar\/comision-liberatore\/wp-json\/wp\/v2\/media?parent=1066"}],"wp:term":[{"taxonomy":"category","embeddable":true,"href":"https:\/\/redaccion1.fcpolit.unr.edu.ar\/comision-liberatore\/wp-json\/wp\/v2\/categories?post=1066"},{"taxonomy":"post_tag","embeddable":true,"href":"https:\/\/redaccion1.fcpolit.unr.edu.ar\/comision-liberatore\/wp-json\/wp\/v2\/tags?post=1066"}],"curies":[{"name":"wp","href":"https:\/\/api.w.org\/{rel}","templated":true}]}}