{"id":105,"date":"2008-09-02T12:31:23","date_gmt":"2008-09-02T12:31:23","guid":{"rendered":"http:\/\/fcpolit.unr.edu.ar\/blogs\/redaccion1-liberatore\/2008\/09\/02\/actividad-mecanismos-de-cohesion\/"},"modified":"2008-09-02T12:31:23","modified_gmt":"2008-09-02T12:31:23","slug":"actividad-mecanismos-de-cohesion","status":"publish","type":"post","link":"https:\/\/redaccion1.fcpolit.unr.edu.ar\/comision-liberatore\/2008\/09\/02\/actividad-mecanismos-de-cohesion\/","title":{"rendered":"ACTIVIDAD MECANISMOS DE COHESI\u00d3N"},"content":{"rendered":"<p>Por NATALIA MONTEFELTRO<br \/>\n<img loading=\"lazy\" decoding=\"async\" alt=\"Cortazar.jpg\" src=\"http:\/\/www.bdp.org.ar\/facultad\/catedras\/comsoc\/redaccion1\/liberatore\/Cortazar.jpg\" width=\"97\" height=\"122\" hspace=\"20\" \/> Desde el TP &#8220;Tan cerca, tan lejos&#8221; Entrevista a Julio Cort\u00e1zar<\/p>\n<p><!--more--><br \/>\n<strong>UN PASEO POR LA INFANCIA DE UN PEQUE\u00d1O GRAN HOMBRE<\/strong><br \/>\nLa sensaci\u00f3n que genera ser invitado por Julio Cort\u00e1zar a trepar al tobog\u00e1n de su infancia, es un acontecimiento que despierta un sentimiento de profundo respeto y admiraci\u00f3n.<br \/>\nAdem\u00e1s, el autor posee la ductilidad de sintetizar en menos de cinco minutos un \u201cir y venir\u201d por el and\u00e9n de su vida y dejar al  espectador  sentado en el umbral de su infancia.<br \/>\nSin duda una ni\u00f1ez con mas libros que sol,  pero  con mas luz que otras.<br \/>\nClaridad que le aporta una madre inteligente y sensible, quien cura la abstinencia  de libros que provoca la receta de un m\u00e9dico, para contrarrestar su obsesi\u00f3n por la lectura.<br \/>\nEl hombre al que se le astilla la mirada cuando recuerda su dolor de ni\u00f1o, dolor infinito y \u00fanico, es tambi\u00e9n el ni\u00f1o que miraba a los 9 a\u00f1os el mundo desde las ramas m\u00e1s s\u00f3lidas del sauce de su jard\u00edn y se conmov\u00eda por los cuentos de Edgar Alan Poe.<br \/>\nSe puede interpretar del relato que la misma mano que gu\u00eda, que  acompa\u00f1a, que transmite, es la que sin embargo y necesariamente en  alg\u00fan momento suelta. En efecto, cuando su madre duda de la autor\u00eda de sus escritos, el dolor provocado marca un punto de inflexi\u00f3n, es el fin a la construcci\u00f3n de un mundo seguro y perfecto. Tanto la desconfianza de su madre, como el descubrimiento temprano de la muerte, lo sit\u00faan en un espacio hostil, precario, y relativo.<br \/>\nLos espacios transitados en la infancia sin duda conforman la mirada con la que se deletrear\u00e1 el resto del mundo. Acontecimientos que intensifican la forma de mirar, de decir, de callar y de traducir la vida misma.<br \/>\nEn conclusi\u00f3n, de las palabras de \u00e9ste hombre en la entrevista del pr\u00e1ctico \u201cTan cerca, tan lejos\u201d, queda una sensaci\u00f3n de gratitud a quienes han articulado los recursos para acercarse a \u201cmirar\u201d un poco mas de cerca a \u00e9ste peque\u00f1o gran hombre, Julio Cort\u00e1zar.<\/p>\n","protected":false},"excerpt":{"rendered":"<p>Por NATALIA MONTEFELTRO Desde el TP &#8220;Tan cerca, tan lejos&#8221; Entrevista a Julio Cort\u00e1zar<\/p>\n","protected":false},"author":19,"featured_media":0,"comment_status":"open","ping_status":"closed","sticky":false,"template":"","format":"standard","meta":{"footnotes":""},"categories":[4],"tags":[],"_links":{"self":[{"href":"https:\/\/redaccion1.fcpolit.unr.edu.ar\/comision-liberatore\/wp-json\/wp\/v2\/posts\/105"}],"collection":[{"href":"https:\/\/redaccion1.fcpolit.unr.edu.ar\/comision-liberatore\/wp-json\/wp\/v2\/posts"}],"about":[{"href":"https:\/\/redaccion1.fcpolit.unr.edu.ar\/comision-liberatore\/wp-json\/wp\/v2\/types\/post"}],"author":[{"embeddable":true,"href":"https:\/\/redaccion1.fcpolit.unr.edu.ar\/comision-liberatore\/wp-json\/wp\/v2\/users\/19"}],"replies":[{"embeddable":true,"href":"https:\/\/redaccion1.fcpolit.unr.edu.ar\/comision-liberatore\/wp-json\/wp\/v2\/comments?post=105"}],"version-history":[{"count":0,"href":"https:\/\/redaccion1.fcpolit.unr.edu.ar\/comision-liberatore\/wp-json\/wp\/v2\/posts\/105\/revisions"}],"wp:attachment":[{"href":"https:\/\/redaccion1.fcpolit.unr.edu.ar\/comision-liberatore\/wp-json\/wp\/v2\/media?parent=105"}],"wp:term":[{"taxonomy":"category","embeddable":true,"href":"https:\/\/redaccion1.fcpolit.unr.edu.ar\/comision-liberatore\/wp-json\/wp\/v2\/categories?post=105"},{"taxonomy":"post_tag","embeddable":true,"href":"https:\/\/redaccion1.fcpolit.unr.edu.ar\/comision-liberatore\/wp-json\/wp\/v2\/tags?post=105"}],"curies":[{"name":"wp","href":"https:\/\/api.w.org\/{rel}","templated":true}]}}