{"id":1036,"date":"2014-10-12T00:11:03","date_gmt":"2014-10-12T00:11:03","guid":{"rendered":"http:\/\/fcpolit.unr.edu.ar\/blogs\/redaccion1-liberatore\/?p=1036"},"modified":"2014-10-12T00:11:03","modified_gmt":"2014-10-12T00:11:03","slug":"comision-19-30-acerca-de-victor-jara","status":"publish","type":"post","link":"https:\/\/redaccion1.fcpolit.unr.edu.ar\/comision-liberatore\/2014\/10\/12\/comision-19-30-acerca-de-victor-jara\/","title":{"rendered":"Comisi\u00f3n 19.30 . Acerca de V\u00edctor Jara"},"content":{"rendered":"<p>\u00bfQui\u00e9n mat\u00f3 a V\u00edctor Jara?. Esta presentaci\u00f3n est\u00e1 dividida en tres partes, \u00a0y la env\u00eda Karina para que nos adentremos en el tema que puso a discusi\u00f3n en la clase.<\/p>\n<div><\/div>\n<div>Parte 1: <a href=\"https:\/\/www.youtube.com\/watch?v=ypo397DArIU\" target=\"_blank\" rel=\"noopener\">https:\/\/www.youtube.com\/watch?v=ypo397DArIU<\/a><\/div>\n<div><\/div>\n<div>Parte 2: <a href=\"https:\/\/www.youtube.com\/watch?v=DFVlLgLPqEQ\" target=\"_blank\" rel=\"noopener\">https:\/\/www.youtube.com\/watch?v=DFVlLgLPqEQ<\/a><\/div>\n<div><\/div>\n<div>Parte 3: <a href=\"https:\/\/www.youtube.com\/watch?v=lQGW8XZxC0w\" target=\"_blank\" rel=\"noopener\">https:\/\/www.youtube.com\/watch?v=lQGW8XZxC0w<\/a><\/div>\n","protected":false},"excerpt":{"rendered":"<p>\u00bfQui\u00e9n mat\u00f3 a V\u00edctor Jara?. Esta presentaci\u00f3n est\u00e1 dividida en tres partes, \u00a0y la env\u00eda Karina para que nos adentremos en el tema que puso a discusi\u00f3n en la clase. Parte 1: https:\/\/www.youtube.com\/watch?v=ypo397DArIU Parte 2: https:\/\/www.youtube.com\/watch?v=DFVlLgLPqEQ Parte 3: https:\/\/www.youtube.com\/watch?v=lQGW8XZxC0w<\/p>\n","protected":false},"author":16,"featured_media":0,"comment_status":"open","ping_status":"open","sticky":false,"template":"","format":"standard","meta":{"footnotes":""},"categories":[15,16],"tags":[],"_links":{"self":[{"href":"https:\/\/redaccion1.fcpolit.unr.edu.ar\/comision-liberatore\/wp-json\/wp\/v2\/posts\/1036"}],"collection":[{"href":"https:\/\/redaccion1.fcpolit.unr.edu.ar\/comision-liberatore\/wp-json\/wp\/v2\/posts"}],"about":[{"href":"https:\/\/redaccion1.fcpolit.unr.edu.ar\/comision-liberatore\/wp-json\/wp\/v2\/types\/post"}],"author":[{"embeddable":true,"href":"https:\/\/redaccion1.fcpolit.unr.edu.ar\/comision-liberatore\/wp-json\/wp\/v2\/users\/16"}],"replies":[{"embeddable":true,"href":"https:\/\/redaccion1.fcpolit.unr.edu.ar\/comision-liberatore\/wp-json\/wp\/v2\/comments?post=1036"}],"version-history":[{"count":0,"href":"https:\/\/redaccion1.fcpolit.unr.edu.ar\/comision-liberatore\/wp-json\/wp\/v2\/posts\/1036\/revisions"}],"wp:attachment":[{"href":"https:\/\/redaccion1.fcpolit.unr.edu.ar\/comision-liberatore\/wp-json\/wp\/v2\/media?parent=1036"}],"wp:term":[{"taxonomy":"category","embeddable":true,"href":"https:\/\/redaccion1.fcpolit.unr.edu.ar\/comision-liberatore\/wp-json\/wp\/v2\/categories?post=1036"},{"taxonomy":"post_tag","embeddable":true,"href":"https:\/\/redaccion1.fcpolit.unr.edu.ar\/comision-liberatore\/wp-json\/wp\/v2\/tags?post=1036"}],"curies":[{"name":"wp","href":"https:\/\/api.w.org\/{rel}","templated":true}]}}