{"id":102,"date":"2008-08-24T12:59:47","date_gmt":"2008-08-24T12:59:47","guid":{"rendered":"http:\/\/fcpolit.unr.edu.ar\/blogs\/redaccion1-liberatore\/2008\/08\/24\/noticia-de-redaccion\/"},"modified":"2008-08-24T12:59:47","modified_gmt":"2008-08-24T12:59:47","slug":"noticia-de-redaccion","status":"publish","type":"post","link":"https:\/\/redaccion1.fcpolit.unr.edu.ar\/comision-liberatore\/2008\/08\/24\/noticia-de-redaccion\/","title":{"rendered":"Noticia de Redacci\u00f3n"},"content":{"rendered":"<p>Las segundas partes<br \/>\nPor Natalia Montefeltro<br \/>\n<img loading=\"lazy\" decoding=\"async\" alt=\"filmar.jpg\" src=\"http:\/\/www.bdp.org.ar\/facultad\/catedras\/comsoc\/redaccion1\/liberatore\/filmar.jpg\" width=\"118\" height=\"79\" \/><\/p>\n<p><!--more--><br \/>\nEl pasado mi\u00e9rcoles a las 20 horas en la sala de inform\u00e1tica, se produjo el reencuentro en el \u201cTaller de Redacci\u00f3n I\u201d, a cargo de la profesora Ana Laura Liberatore.<br \/>\nLa clase comenz\u00f3 a rodar de la mano de profesora, con m\u00e1s ausentes que presentes, lo que se traduce en que las ausencias \u201cse hicieron sentir\u201d.<br \/>\nAgradecidos a \u201cJulio Cort\u00e1zar\u201d , a trav\u00e9s de su trabajo \u201cTan lejos, tan cerca\u2026\u201d, quien nos desaf\u00eda con una nueva tarea para la pr\u00f3xima semana, que estar\u00e1 disponible en el blogs.<br \/>\nLa Unidad N\u00ba 4 nos conducir\u00e1 por caminos  \u201c coherentes y cohesionados \u201d, y de ah\u00ed intentaremos salir ilesos, el pr\u00f3ximo mi\u00e9rcoles.<br \/>\nEl desaf\u00edo esta planteado a  romper con el credo popular acerca de que las \u201csegundas partes no son buenas\u201d y a sumar presencias que siempre son m\u00e1s constructivas que las ausencias.<\/p>\n","protected":false},"excerpt":{"rendered":"<p>Las segundas partes Por Natalia Montefeltro<\/p>\n","protected":false},"author":19,"featured_media":0,"comment_status":"open","ping_status":"closed","sticky":false,"template":"","format":"standard","meta":{"footnotes":""},"categories":[3],"tags":[],"_links":{"self":[{"href":"https:\/\/redaccion1.fcpolit.unr.edu.ar\/comision-liberatore\/wp-json\/wp\/v2\/posts\/102"}],"collection":[{"href":"https:\/\/redaccion1.fcpolit.unr.edu.ar\/comision-liberatore\/wp-json\/wp\/v2\/posts"}],"about":[{"href":"https:\/\/redaccion1.fcpolit.unr.edu.ar\/comision-liberatore\/wp-json\/wp\/v2\/types\/post"}],"author":[{"embeddable":true,"href":"https:\/\/redaccion1.fcpolit.unr.edu.ar\/comision-liberatore\/wp-json\/wp\/v2\/users\/19"}],"replies":[{"embeddable":true,"href":"https:\/\/redaccion1.fcpolit.unr.edu.ar\/comision-liberatore\/wp-json\/wp\/v2\/comments?post=102"}],"version-history":[{"count":0,"href":"https:\/\/redaccion1.fcpolit.unr.edu.ar\/comision-liberatore\/wp-json\/wp\/v2\/posts\/102\/revisions"}],"wp:attachment":[{"href":"https:\/\/redaccion1.fcpolit.unr.edu.ar\/comision-liberatore\/wp-json\/wp\/v2\/media?parent=102"}],"wp:term":[{"taxonomy":"category","embeddable":true,"href":"https:\/\/redaccion1.fcpolit.unr.edu.ar\/comision-liberatore\/wp-json\/wp\/v2\/categories?post=102"},{"taxonomy":"post_tag","embeddable":true,"href":"https:\/\/redaccion1.fcpolit.unr.edu.ar\/comision-liberatore\/wp-json\/wp\/v2\/tags?post=102"}],"curies":[{"name":"wp","href":"https:\/\/api.w.org\/{rel}","templated":true}]}}