{"id":1014,"date":"2014-09-22T10:46:47","date_gmt":"2014-09-22T10:46:47","guid":{"rendered":"http:\/\/fcpolit.unr.edu.ar\/blogs\/redaccion1-liberatore\/?p=1014"},"modified":"2014-09-22T10:46:47","modified_gmt":"2014-09-22T10:46:47","slug":"miercoles-con-examen-parcial","status":"publish","type":"post","link":"https:\/\/redaccion1.fcpolit.unr.edu.ar\/comision-liberatore\/2014\/09\/22\/miercoles-con-examen-parcial\/","title":{"rendered":"Mi\u00e9rcoles con examen parcial"},"content":{"rendered":"<p><strong><a href=\"https:\/\/blogs.fcpolit.unr.edu.ar\/redaccion1-liberatore\/files\/2014\/09\/georgina-voisard.jpg\"><img loading=\"lazy\" decoding=\"async\" class=\"alignright size-thumbnail wp-image-1015\" src=\"https:\/\/blogs.fcpolit.unr.edu.ar\/redaccion1-liberatore\/files\/2014\/09\/georgina-voisard-150x150.jpg\" alt=\"georgina voisard\" width=\"150\" height=\"150\" \/><\/a>Por Georgina Voisard<\/strong><\/p>\n<p>Durante el \u00faltimo encuentro se llev\u00f3 a cabo el segundo parcial de Redacci\u00f3n 1, en el cual se evaluaron los contenidos aprendidos en las\u00a0 Unidades 3, 4 y 5.<\/p>\n<p>Ana, previo al examen escrito, nos inform\u00f3 sobre algunas consideraciones a tener en cuenta acerca de lo que se viene:<\/p>\n<ul>\n<li>El mi\u00e9rcoles 24\/09 no se dictar\u00e1n clases debido a las mesas de examen.<\/li>\n<li>El mi\u00e9rcoles 1\/10 se trabajar\u00e1n las lecturas de los textos bases y fuentes 1 y 2 de la Unidad 6.<\/li>\n<li>El mi\u00e9rcoles 8\/10 se realizar\u00e1 el recuperatorio del segundo examen parcial para quienes lo necesiten, o para aquellos que no concurrieron a la instancia evaluatoria anterior.<\/li>\n<\/ul>\n","protected":false},"excerpt":{"rendered":"<p>Por Georgina Voisard Durante el \u00faltimo encuentro se llev\u00f3 a cabo el segundo parcial de Redacci\u00f3n 1, en el cual se evaluaron los contenidos aprendidos en las\u00a0 Unidades 3, 4 y 5. Ana, previo al examen escrito, nos inform\u00f3 sobre algunas consideraciones a tener en cuenta acerca de lo que se viene: El mi\u00e9rcoles 24\/09 [&hellip;]<\/p>\n","protected":false},"author":16,"featured_media":0,"comment_status":"open","ping_status":"open","sticky":false,"template":"","format":"standard","meta":{"footnotes":""},"categories":[15,16],"tags":[],"_links":{"self":[{"href":"https:\/\/redaccion1.fcpolit.unr.edu.ar\/comision-liberatore\/wp-json\/wp\/v2\/posts\/1014"}],"collection":[{"href":"https:\/\/redaccion1.fcpolit.unr.edu.ar\/comision-liberatore\/wp-json\/wp\/v2\/posts"}],"about":[{"href":"https:\/\/redaccion1.fcpolit.unr.edu.ar\/comision-liberatore\/wp-json\/wp\/v2\/types\/post"}],"author":[{"embeddable":true,"href":"https:\/\/redaccion1.fcpolit.unr.edu.ar\/comision-liberatore\/wp-json\/wp\/v2\/users\/16"}],"replies":[{"embeddable":true,"href":"https:\/\/redaccion1.fcpolit.unr.edu.ar\/comision-liberatore\/wp-json\/wp\/v2\/comments?post=1014"}],"version-history":[{"count":0,"href":"https:\/\/redaccion1.fcpolit.unr.edu.ar\/comision-liberatore\/wp-json\/wp\/v2\/posts\/1014\/revisions"}],"wp:attachment":[{"href":"https:\/\/redaccion1.fcpolit.unr.edu.ar\/comision-liberatore\/wp-json\/wp\/v2\/media?parent=1014"}],"wp:term":[{"taxonomy":"category","embeddable":true,"href":"https:\/\/redaccion1.fcpolit.unr.edu.ar\/comision-liberatore\/wp-json\/wp\/v2\/categories?post=1014"},{"taxonomy":"post_tag","embeddable":true,"href":"https:\/\/redaccion1.fcpolit.unr.edu.ar\/comision-liberatore\/wp-json\/wp\/v2\/tags?post=1014"}],"curies":[{"name":"wp","href":"https:\/\/api.w.org\/{rel}","templated":true}]}}