{"id":101,"date":"2008-08-24T12:59:47","date_gmt":"2008-08-24T12:59:47","guid":{"rendered":"http:\/\/fcpolit.unr.edu.ar\/blogs\/redaccion1-liberatore\/2008\/08\/24\/noticia-de-la-semana-2\/"},"modified":"2008-08-24T12:59:47","modified_gmt":"2008-08-24T12:59:47","slug":"noticia-de-la-semana-2","status":"publish","type":"post","link":"https:\/\/redaccion1.fcpolit.unr.edu.ar\/comision-liberatore\/2008\/08\/24\/noticia-de-la-semana-2\/","title":{"rendered":"Noticia de la semana"},"content":{"rendered":"<p><strong>Desierto en el aula<\/strong><br \/>\nPor Rodrigo Gonz\u00e1lez<br \/>\n<img decoding=\"async\" alt=\"desierto.jpg\" src=\"http:\/\/www.bdp.org.ar\/facultad\/catedras\/comsoc\/redaccion1\/liberatore\/desierto.jpg\" width=\"133\" \/><\/p>\n<p><!--more--><br \/>\nEl d\u00eda mi\u00e9rcoles se realiz\u00f3 la primera clase del segundo cuatrimestre de Redacci\u00f3n 1.<br \/>\nEn la misma se habl\u00f3 acerca del trabajo pr\u00e1ctico: \u201cTan lejos tan cerca\u201d, se desarroll\u00f3 la unidad N\u00ba 4, adem\u00e1s de realizar un taller de lectura y una actividad. Pero el hecho relevante que llam\u00f3 la atenci\u00f3n, fue la poco concurrencia del alumnado, ya que a pesar de ser un grupo muy reducido, el d\u00eda mi\u00e9rcoles pasado el aula de redacci\u00f3n estaba casi vac\u00eda.<br \/>\nDe todos modos, hubo un clima ameno, como en todas las clases, y se pudo trabajar con normalidad, no obstante, se presume, que en la pr\u00f3xima clase se har\u00e1 presente la mayor\u00eda de los alumnos.<\/p>\n","protected":false},"excerpt":{"rendered":"<p>Desierto en el aula Por Rodrigo Gonz\u00e1lez<\/p>\n","protected":false},"author":19,"featured_media":0,"comment_status":"open","ping_status":"closed","sticky":false,"template":"","format":"standard","meta":{"footnotes":""},"categories":[3],"tags":[],"_links":{"self":[{"href":"https:\/\/redaccion1.fcpolit.unr.edu.ar\/comision-liberatore\/wp-json\/wp\/v2\/posts\/101"}],"collection":[{"href":"https:\/\/redaccion1.fcpolit.unr.edu.ar\/comision-liberatore\/wp-json\/wp\/v2\/posts"}],"about":[{"href":"https:\/\/redaccion1.fcpolit.unr.edu.ar\/comision-liberatore\/wp-json\/wp\/v2\/types\/post"}],"author":[{"embeddable":true,"href":"https:\/\/redaccion1.fcpolit.unr.edu.ar\/comision-liberatore\/wp-json\/wp\/v2\/users\/19"}],"replies":[{"embeddable":true,"href":"https:\/\/redaccion1.fcpolit.unr.edu.ar\/comision-liberatore\/wp-json\/wp\/v2\/comments?post=101"}],"version-history":[{"count":0,"href":"https:\/\/redaccion1.fcpolit.unr.edu.ar\/comision-liberatore\/wp-json\/wp\/v2\/posts\/101\/revisions"}],"wp:attachment":[{"href":"https:\/\/redaccion1.fcpolit.unr.edu.ar\/comision-liberatore\/wp-json\/wp\/v2\/media?parent=101"}],"wp:term":[{"taxonomy":"category","embeddable":true,"href":"https:\/\/redaccion1.fcpolit.unr.edu.ar\/comision-liberatore\/wp-json\/wp\/v2\/categories?post=101"},{"taxonomy":"post_tag","embeddable":true,"href":"https:\/\/redaccion1.fcpolit.unr.edu.ar\/comision-liberatore\/wp-json\/wp\/v2\/tags?post=101"}],"curies":[{"name":"wp","href":"https:\/\/api.w.org\/{rel}","templated":true}]}}