{"id":1004,"date":"2014-09-05T15:08:22","date_gmt":"2014-09-05T15:08:22","guid":{"rendered":"http:\/\/fcpolit.unr.edu.ar\/blogs\/redaccion1-liberatore\/?p=1004"},"modified":"2014-09-05T15:08:22","modified_gmt":"2014-09-05T15:08:22","slug":"clase-comision-19-30-hs-2","status":"publish","type":"post","link":"https:\/\/redaccion1.fcpolit.unr.edu.ar\/comision-liberatore\/2014\/09\/05\/clase-comision-19-30-hs-2\/","title":{"rendered":"Clase. Comisi\u00f3n 19.30 hs."},"content":{"rendered":"<p>Por Noelia Alvarez<a href=\"https:\/\/blogs.fcpolit.unr.edu.ar\/redaccion1-liberatore\/files\/2014\/09\/fppppbr.jpg\"><img loading=\"lazy\" decoding=\"async\" class=\"alignright size-thumbnail wp-image-1005\" src=\"https:\/\/blogs.fcpolit.unr.edu.ar\/redaccion1-liberatore\/files\/2014\/09\/fppppbr-150x150.jpg\" alt=\"fppppbr\" width=\"150\" height=\"150\" \/><\/a><\/p>\n<p>Queridos compa\u00f1eros, colegas, buena gente:<\/p>\n<p>Ante las miradas y los brazos t\u00edmidos que no se levantaban, decid\u00ed que me correspond\u00eda la tarea de realizar el resumen a m\u00ed (ya que nos va a tocar a todos, alg\u00fan d\u00eda ten\u00eda que caer).<!--more--><\/p>\n<p>Comenzamos la clase, como ya es casi una\u00a0tradici\u00f3n, debatiendo sobre las noticias de la semana y compartiendo nuestras lecturas por placer. Surgi\u00f3 el tema del precio de los libros, sobre el cual todos coincidimos en que son excesivamente costosos, d\u00e1ndole una oportunidad al formato digital. Adem\u00e1s, para no faltar a la costumbre, Ezequiel nos trajo noticias sobre los adelantos tecnol\u00f3gicos en la telefon\u00eda m\u00f3vil y sucesos del mundo de la far\u00e1ndula mundial. Georgina comparti\u00f3 y contagi\u00f3 su curiosidad sobre los futuros libros cuyos finales se adaptan a los intereses de cada uno.<\/p>\n<p>En el a\u00f1o en que Julio Cort\u00e1zar hubiera celebrado su cumplea\u00f1os n\u00famero 100, Sof\u00eda comenz\u00f3 a encaminar el maravilloso sendero que nos traz\u00f3 este escritor, nada m\u00e1s ni nada menos que con Rayuela. Lucio se est\u00e1 reencontrando con \u00e9l, siguiendo el recorrido de cuentos en Ceremonias. En relaci\u00f3n a esto, destacamos un dato importante: el diario La Naci\u00f3n comenz\u00f3 a lanzar toda la colecci\u00f3n de Cort\u00e1zar a un m\u00f3dico precio (y nos permitimos marcar el contraste con lo que habl\u00e1bamos al principio de la clase). Tambi\u00e9n apareci\u00f3 el nombre de Horacio Quiroga y la inevitable comparaci\u00f3n con Edgar Allan Poe, luego Arthur Clarke con 2001: Una odisea en el espacio, y el autor del famoso Un mundo feliz, Aldous Huxley. Sin embargo, para salir de los cl\u00e1sicos, Mar\u00eda Bel\u00e9n nos cont\u00f3 que sigui\u00f3 la sugerencia de su amiga y comenz\u00f3 a leer el libro de la agrupaci\u00f3n feminista Pan y Rosas, con t\u00edtulo hom\u00f3nimo.<\/p>\n<p>M\u00e1s tarde, al deliberar sobre las agrupaciones pol\u00edticas en la facultad y las formas que tienen los militantes para comunicar, Ana nos sugiri\u00f3 la lectura de un art\u00edculo sobre la reciente entrevista a Carlos Solari, graduado de nuestra facultad y referente en el mundo: \u201cLos partidos pol\u00edticos, los sindicatos y la escuela son interfaces en crisis. Hay que redise\u00f1arlas\u201d (el enlace se encuentra en el inicio del blog de Redacci\u00f3n I). Despu\u00e9s de un silencioso e individual an\u00e1lisis del texto, comentamos qu\u00e9 nos pareci\u00f3 novedoso y qu\u00e9 nos result\u00f3 redundante. Estudiamos el tipo de entrevista y concluimos en que es informativa, con un enunciado donde el copete es predominantemente mixto, y el cuerpo mantiene el estilo directo. Dimos cuenta de errores de edici\u00f3n, destacamos el t\u00edtulo por ser una cita textual y, por \u00faltimo, hablamos sobre los distintos tipos de entrevistados y los recursos que deber\u00edamos tomar ante cada uno de ellos.<\/p>\n<p>S\u00e9 que los cans\u00e9, pero falta lo esencial, los recordatorios para el pr\u00f3ximo encuentro (<strong>PARA LOS QUE NO LEYERON LO ANTERIOR, ESTO S\u00cd ES SUMAMENTE NECESARIO, INDISPENSABLE, IMPORTANTE, COMO QUIERAN LLAMARLE, PERO LEANLO<\/strong>):<\/p>\n<ul>\n<li>El 17\/09 es el parcial<\/li>\n<li>La pr\u00f3xima semana no hay clases porque se va a desarrollar el Congreso Nacional e Internacional sobre Democracia<\/li>\n<li>No tenemos un nuevo trabajo pr\u00e1ctico para hacer, la profe nos dej\u00f3 el espacio con motivo de ponernos al d\u00eda con los que debemos y estudiar (y rendir bien)<\/li>\n<li>Las dudas que tengamos sobre la teor\u00eda y necesitemos consultar v\u00eda correo electr\u00f3nico las tenemos que mandar con el asunto \u201cConsulta\u201d<\/li>\n<\/ul>\n<p>Sin m\u00e1s para decir (s\u00ed, al fin), me despido. Nos vemos la pr\u00f3xima clase, \u00a1saludos!<\/p>\n","protected":false},"excerpt":{"rendered":"<p>Por Noelia Alvarez Queridos compa\u00f1eros, colegas, buena gente: Ante las miradas y los brazos t\u00edmidos que no se levantaban, decid\u00ed que me correspond\u00eda la tarea de realizar el resumen a m\u00ed (ya que nos va a tocar a todos, alg\u00fan d\u00eda ten\u00eda que caer).<\/p>\n","protected":false},"author":16,"featured_media":0,"comment_status":"open","ping_status":"open","sticky":false,"template":"","format":"standard","meta":{"footnotes":""},"categories":[15,16],"tags":[],"_links":{"self":[{"href":"https:\/\/redaccion1.fcpolit.unr.edu.ar\/comision-liberatore\/wp-json\/wp\/v2\/posts\/1004"}],"collection":[{"href":"https:\/\/redaccion1.fcpolit.unr.edu.ar\/comision-liberatore\/wp-json\/wp\/v2\/posts"}],"about":[{"href":"https:\/\/redaccion1.fcpolit.unr.edu.ar\/comision-liberatore\/wp-json\/wp\/v2\/types\/post"}],"author":[{"embeddable":true,"href":"https:\/\/redaccion1.fcpolit.unr.edu.ar\/comision-liberatore\/wp-json\/wp\/v2\/users\/16"}],"replies":[{"embeddable":true,"href":"https:\/\/redaccion1.fcpolit.unr.edu.ar\/comision-liberatore\/wp-json\/wp\/v2\/comments?post=1004"}],"version-history":[{"count":0,"href":"https:\/\/redaccion1.fcpolit.unr.edu.ar\/comision-liberatore\/wp-json\/wp\/v2\/posts\/1004\/revisions"}],"wp:attachment":[{"href":"https:\/\/redaccion1.fcpolit.unr.edu.ar\/comision-liberatore\/wp-json\/wp\/v2\/media?parent=1004"}],"wp:term":[{"taxonomy":"category","embeddable":true,"href":"https:\/\/redaccion1.fcpolit.unr.edu.ar\/comision-liberatore\/wp-json\/wp\/v2\/categories?post=1004"},{"taxonomy":"post_tag","embeddable":true,"href":"https:\/\/redaccion1.fcpolit.unr.edu.ar\/comision-liberatore\/wp-json\/wp\/v2\/tags?post=1004"}],"curies":[{"name":"wp","href":"https:\/\/api.w.org\/{rel}","templated":true}]}}