{"id":589,"date":"2012-06-04T09:38:42","date_gmt":"2012-06-04T09:38:42","guid":{"rendered":"http:\/\/fcpolit.unr.edu.ar\/blogs\/redaccion1-arrabal\/2012\/06\/04\/resumen-de-la-clase-16-comision-9\/"},"modified":"2012-06-04T09:38:42","modified_gmt":"2012-06-04T09:38:42","slug":"resumen-de-la-clase-16-comision-9","status":"publish","type":"post","link":"https:\/\/redaccion1.fcpolit.unr.edu.ar\/comision-arrabal\/2012\/06\/04\/resumen-de-la-clase-16-comision-9\/","title":{"rendered":"Resumen de la clase 1\/6. Comisi\u00f3n 9"},"content":{"rendered":"<p><img decoding=\"async\" alt=\"DSC04590.JPG\" src=\"http:\/\/www.bdp.org.ar\/facultad\/catedras\/comsoc\/redaccion1\/arrabal\/DSC04590.JPG\" width=\"307\" \/><br \/>\n<a href=\"http:\/\/enredaccion.bligoo.com.ar\/conozcanme\">Por Bel\u00e9n Alcorta<\/a><br \/>\nLa clase de Redacci\u00f3n del d\u00eda 1 de junio comenz\u00f3 con el tema que fue dado la clase anterior, <a href=\"http:\/\/www.bdp.org.ar\/facultad\/catedras\/comsoc\/redaccion1\/unidades\/2008\/03\/enunciados_referidos.php\">&#8220;enunciados referidos&#8221;<\/a>. Nuestra profesora nos record\u00f3 cada uno de los estilos para que los tengamos claros, ya que hab\u00eda que utilizarlos para el trabajo pr\u00e1ctico de la clase: <a href=\"http:\/\/www.bdp.org.ar\/facultad\/catedras\/comsoc\/redaccion1\/arrabal\/2012\/05\/trabajo_9_conferencia.php#more\">\u201cConferencia\u201d <\/a><\/p>\n<p><!--more--><br \/>\n<img decoding=\"async\" alt=\"DSC04591.JPG\" src=\"http:\/\/www.bdp.org.ar\/facultad\/catedras\/comsoc\/redaccion1\/arrabal\/DSC04591.JPG\" width=\"307\" \/><br \/>\nEn un simulacro de conferencia, Delfina tom\u00f3 el papel de la Directora de la carrera de Comuniaci\u00f3n Social de nuestra Facultad, Elizabeth Martinez de Aguirre, en tanto Maribel y Victoria fueron las representantes del Ministerio de Educaci\u00f3n de la Naci\u00f3n, Maribel Konde y Victoria Karrabal.<br \/>\nEsta actividad fue una forma de ejercitarnos para el pr\u00f3ximo trabajo pr\u00e1ctico: <a href=\"http:\/\/www.bdp.org.ar\/facultad\/catedras\/comsoc\/redaccion1\/arrabal\/2012\/05\/trabajo_10_salir_al_campo.php#more\">\u201cSalir al campo\u201d.<\/a> Todos tuvimos que gtabar la conferencia y luego redactar un texto informativo utilizando diversos enunciados referidos. Adem\u00e1s, colocar t\u00edtulo, volanta y bajada. El texto hab\u00eda que terminarlo en la misma clase y enviarlo al mail de la profesora.<br \/>\nLuego de esto, Victoria nos confirm\u00f3 <strong>la fecha del parcial:  29 de junio. Se evaluar\u00e1n las unidades uno, dos y ocho. El recuperatorio ser\u00e1  el 13 de julio.<\/strong><br \/>\nPara la clase que viene, debemos leer los textos base y los textos fuentes de la Unidad 2 y publicar en <a href=\"http:\/\/enredaccion.bligoo.com.ar\">enredaccion.bligoo.com.ar <\/a>el trabajo <a href=\"http:\/\/www.bdp.org.ar\/facultad\/catedras\/comsoc\/redaccion1\/unidades\/2008\/03\/memorias_de_la_lectura.php\">Memorias de la lectura.<\/a><\/p>\n","protected":false},"excerpt":{"rendered":"<p>Por Bel\u00e9n Alcorta La clase de Redacci\u00f3n del d\u00eda 1 de junio comenz\u00f3 con el tema que fue dado la clase anterior, &#8220;enunciados referidos&#8221;. Nuestra profesora nos record\u00f3 cada uno de los estilos para que los tengamos claros, ya que hab\u00eda que utilizarlos para el trabajo pr\u00e1ctico de la clase: \u201cConferencia\u201d<\/p>\n","protected":false},"author":40,"featured_media":0,"comment_status":"open","ping_status":"closed","sticky":false,"template":"","format":"standard","meta":{"footnotes":""},"categories":[17],"tags":[],"_links":{"self":[{"href":"https:\/\/redaccion1.fcpolit.unr.edu.ar\/comision-arrabal\/wp-json\/wp\/v2\/posts\/589"}],"collection":[{"href":"https:\/\/redaccion1.fcpolit.unr.edu.ar\/comision-arrabal\/wp-json\/wp\/v2\/posts"}],"about":[{"href":"https:\/\/redaccion1.fcpolit.unr.edu.ar\/comision-arrabal\/wp-json\/wp\/v2\/types\/post"}],"author":[{"embeddable":true,"href":"https:\/\/redaccion1.fcpolit.unr.edu.ar\/comision-arrabal\/wp-json\/wp\/v2\/users\/40"}],"replies":[{"embeddable":true,"href":"https:\/\/redaccion1.fcpolit.unr.edu.ar\/comision-arrabal\/wp-json\/wp\/v2\/comments?post=589"}],"version-history":[{"count":0,"href":"https:\/\/redaccion1.fcpolit.unr.edu.ar\/comision-arrabal\/wp-json\/wp\/v2\/posts\/589\/revisions"}],"wp:attachment":[{"href":"https:\/\/redaccion1.fcpolit.unr.edu.ar\/comision-arrabal\/wp-json\/wp\/v2\/media?parent=589"}],"wp:term":[{"taxonomy":"category","embeddable":true,"href":"https:\/\/redaccion1.fcpolit.unr.edu.ar\/comision-arrabal\/wp-json\/wp\/v2\/categories?post=589"},{"taxonomy":"post_tag","embeddable":true,"href":"https:\/\/redaccion1.fcpolit.unr.edu.ar\/comision-arrabal\/wp-json\/wp\/v2\/tags?post=589"}],"curies":[{"name":"wp","href":"https:\/\/api.w.org\/{rel}","templated":true}]}}