{"id":588,"date":"2012-05-30T16:38:45","date_gmt":"2012-05-30T16:38:45","guid":{"rendered":"http:\/\/fcpolit.unr.edu.ar\/blogs\/redaccion1-arrabal\/2012\/05\/30\/resumen-de-clase-2805-comision-1\/"},"modified":"2012-05-30T16:38:45","modified_gmt":"2012-05-30T16:38:45","slug":"resumen-de-clase-2805-comision-1","status":"publish","type":"post","link":"https:\/\/redaccion1.fcpolit.unr.edu.ar\/comision-arrabal\/2012\/05\/30\/resumen-de-clase-2805-comision-1\/","title":{"rendered":"Resumen de Clase 28\/05 \u2013 Comisi\u00f3n 1"},"content":{"rendered":"<p><img decoding=\"async\" alt=\"DSC04585.JPG\" src=\"http:\/\/www.bdp.org.ar\/facultad\/catedras\/comsoc\/redaccion1\/arrabal\/DSC04585.JPG\" width=\"200\" \/><br \/>\n<a href=\"http:\/\/enredaccion.bligoo.com.ar\/mi-presentacion-9\">Por Bruno Manzi<\/a><br \/>\nEn un d\u00eda de mucha humedad, la profesora comenz\u00f3 la clase preguntando si alguno de los presentes hab\u00eda tenido alguna duda o incertidumbre sobre el tema dado la clase pasada, \u201cEnunciados Referidos\u201d.<\/p>\n<p><!--more--><br \/>\nLuego de esto nos record\u00f3 nuevamente, como en la mayor\u00eda de las clases, anotarnos al Foro Internacional de Periodismo Digital que se realizar\u00e1 en nuestra ciudad en junio para elaborar una actividad de <a href=\"http:\/\/www.bdp.org.ar\/facultad\/catedras\/comsoc\/redaccion1\/arrabal\/2012\/05\/trabajo_10_salir_al_campo.php#more\">salida al campo<\/a>. Para acceder al programa y toda la informaci\u00f3n actualizada, ingresar a la <a href=\"http:\/\/www.fpdrosario.com.ar\/foro\/\">p\u00e1gina web del Foro<\/a>.<br \/>\nSeguido de esto, comenzamos con un nuevo trabajo pr\u00e1ctico en clase, titulado <a href=\"http:\/\/www.bdp.org.ar\/facultad\/catedras\/comsoc\/redaccion1\/arrabal\/2012\/05\/trabajo_9_conferencia.php#more\">\u201cConferencia\u201d<\/a> que consist\u00eda en redactar una noticia a partir de la charla al estilo conferencia propiamente dicho, dada en ese momento por la se\u00f1orita Gala, en papel de Luciana Ayala, representante del rectorado de la UNR.<br \/>\nLuego de haber finalizado el trabajo, la profesora inform\u00f3 que hay que hacer un trabajo llamado <a href=\"http:\/\/www.bdp.org.ar\/facultad\/catedras\/comsoc\/redaccion1\/unidades\/2008\/03\/memorias_de_la_lectura.php\">Memorias de la Lectura<\/a>.<br \/>\nPor \u00faltimo, recordamos a todos los estudiantes leer los textos base y fuente de la Unidad N\u00ba 2, que ser\u00e1n tratados en la pr\u00f3xima clase:<br \/>\n<a href=\"http:\/\/www.bdp.org.ar\/facultad\/catedras\/comsoc\/redaccion1\/unidades\/2008\/03\/la_lectura_como_proceso_cognit.php\">&#8211; La lectura como proceso cognitivo y comunicativo<\/a><br \/>\n<a href=\"http:\/\/www.bdp.org.ar\/facultad\/catedras\/comsoc\/redaccion1\/unidades\/2008\/03\/estrategias_y_tareas_de_la_com.php\">&#8211; Estrategias y tareas de la comprensi\u00f3n lectora<\/a><br \/>\n<a href=\"http:\/\/www.bdp.org.ar\/facultad\/catedras\/comsoc\/redaccion1\/unidades\/2008\/03\/la_comprension_y_la_estructura.php\">&#8211; La comprensi\u00f3n y la estructura de los textos<\/a><br \/>\n<a href=\"http:\/\/www.bdp.org.ar\/facultad\/catedras\/comsoc\/redaccion1\/unidades\/2008\/03\/complementacion_entre_los_proc.php\">&#8211; Complementaci\u00f3n entre los procesos de lectura y escritura<\/a><\/p>\n","protected":false},"excerpt":{"rendered":"<p>Por Bruno Manzi En un d\u00eda de mucha humedad, la profesora comenz\u00f3 la clase preguntando si alguno de los presentes hab\u00eda tenido alguna duda o incertidumbre sobre el tema dado la clase pasada, \u201cEnunciados Referidos\u201d.<\/p>\n","protected":false},"author":1,"featured_media":0,"comment_status":"open","ping_status":"closed","sticky":false,"template":"","format":"standard","meta":{"footnotes":""},"categories":[17],"tags":[],"_links":{"self":[{"href":"https:\/\/redaccion1.fcpolit.unr.edu.ar\/comision-arrabal\/wp-json\/wp\/v2\/posts\/588"}],"collection":[{"href":"https:\/\/redaccion1.fcpolit.unr.edu.ar\/comision-arrabal\/wp-json\/wp\/v2\/posts"}],"about":[{"href":"https:\/\/redaccion1.fcpolit.unr.edu.ar\/comision-arrabal\/wp-json\/wp\/v2\/types\/post"}],"author":[{"embeddable":true,"href":"https:\/\/redaccion1.fcpolit.unr.edu.ar\/comision-arrabal\/wp-json\/wp\/v2\/users\/1"}],"replies":[{"embeddable":true,"href":"https:\/\/redaccion1.fcpolit.unr.edu.ar\/comision-arrabal\/wp-json\/wp\/v2\/comments?post=588"}],"version-history":[{"count":0,"href":"https:\/\/redaccion1.fcpolit.unr.edu.ar\/comision-arrabal\/wp-json\/wp\/v2\/posts\/588\/revisions"}],"wp:attachment":[{"href":"https:\/\/redaccion1.fcpolit.unr.edu.ar\/comision-arrabal\/wp-json\/wp\/v2\/media?parent=588"}],"wp:term":[{"taxonomy":"category","embeddable":true,"href":"https:\/\/redaccion1.fcpolit.unr.edu.ar\/comision-arrabal\/wp-json\/wp\/v2\/categories?post=588"},{"taxonomy":"post_tag","embeddable":true,"href":"https:\/\/redaccion1.fcpolit.unr.edu.ar\/comision-arrabal\/wp-json\/wp\/v2\/tags?post=588"}],"curies":[{"name":"wp","href":"https:\/\/api.w.org\/{rel}","templated":true}]}}