{"id":5846,"date":"2026-09-01T11:23:43","date_gmt":"2026-09-01T14:23:43","guid":{"rendered":"https:\/\/redaccion1.fcpolit.unr.edu.ar\/comision-arrabal\/?p=5846"},"modified":"2026-09-03T10:10:01","modified_gmt":"2026-09-03T13:10:01","slug":"clase-11-31-de-agosto","status":"publish","type":"post","link":"https:\/\/redaccion1.fcpolit.unr.edu.ar\/comision-arrabal\/2026\/09\/01\/clase-11-31-de-agosto\/","title":{"rendered":"Clase 11 (31 de agosto)"},"content":{"rendered":"<p><img loading=\"lazy\" decoding=\"async\" class=\"size-medium wp-image-5847 alignleft\" src=\"http:\/\/redaccion1.fcpolit.unr.edu.ar\/comision-arrabal\/wp-content\/uploads\/sites\/8\/2026\/09\/20260831_120049-300x135.jpg\" alt=\"\" width=\"300\" height=\"135\" srcset=\"https:\/\/redaccion1.fcpolit.unr.edu.ar\/comision-arrabal\/wp-content\/uploads\/sites\/8\/2026\/09\/20260831_120049-300x135.jpg 300w, https:\/\/redaccion1.fcpolit.unr.edu.ar\/comision-arrabal\/wp-content\/uploads\/sites\/8\/2026\/09\/20260831_120049-1024x461.jpg 1024w, https:\/\/redaccion1.fcpolit.unr.edu.ar\/comision-arrabal\/wp-content\/uploads\/sites\/8\/2026\/09\/20260831_120049-768x346.jpg 768w, https:\/\/redaccion1.fcpolit.unr.edu.ar\/comision-arrabal\/wp-content\/uploads\/sites\/8\/2026\/09\/20260831_120049-1536x691.jpg 1536w, https:\/\/redaccion1.fcpolit.unr.edu.ar\/comision-arrabal\/wp-content\/uploads\/sites\/8\/2026\/09\/20260831_120049-2048x922.jpg 2048w\" sizes=\"(max-width: 300px) 100vw, 300px\" \/>Al comienzo explicamos el <a href=\"https:\/\/redaccion1.fcpolit.unr.edu.ar\/comision-arrabal\/2026\/08\/24\/trabajo-practico-integrador-3-los-textos-y-sus-significados\/\">Trabajo Pr\u00e1ctico Integrador de la Unidad 3 \u201cLos textos y sus significados\u201d<\/a>\u00a0que debe presentarse el\u00a0<strong>4\/9 por mail<\/strong>.<\/p>\n<p>Luego recibimos la visita de alumnos de segundo a\u00f1o que comentaron sus procesos de elecci\u00f3n del tema, investigaci\u00f3n y redacci\u00f3n de textos para el trabajo final de la materia. Pueden leer sus producciones, a modo de ejemplo, en esta carpeta: <a href=\"https:\/\/drive.google.com\/drive\/folders\/1htQ4DekXkIcExqby_Bn99TK5lVY2fUXn?usp=sharing\">Trabajos\u00a0Finales 2025<\/a>.<\/p>\n<p><!--more--><\/p>\n<p>Finalmente hicimos una ronda de consultas sobre posibles temas a investigar. <strong>Para la pr\u00f3xima clase hay que traer definido el tema y una hip\u00f3tesis<\/strong>. Comenzaremos con la <a href=\"https:\/\/redaccion1.fcpolit.unr.edu.ar\/programa\/2020\/07\/29\/unidad-4-periodismo-y-generos-discursivos\/\">Unidad 4 Periodismo y G\u00e9neros discursivos<\/a> y abordaremos los siguientes textos te\u00f3ricos:<\/p>\n<p><a href=\"https:\/\/drive.google.com\/file\/d\/1pewNy1x2bg0R5-i4XE0qaxenV2-C3i30\/view?usp=sharing\"><img loading=\"lazy\" decoding=\"async\" class=\"size-medium wp-image-5848 alignright\" src=\"http:\/\/redaccion1.fcpolit.unr.edu.ar\/comision-arrabal\/wp-content\/uploads\/sites\/8\/2026\/09\/20260831_090745-300x135.jpg\" alt=\"\" width=\"300\" height=\"135\" srcset=\"https:\/\/redaccion1.fcpolit.unr.edu.ar\/comision-arrabal\/wp-content\/uploads\/sites\/8\/2026\/09\/20260831_090745-300x135.jpg 300w, https:\/\/redaccion1.fcpolit.unr.edu.ar\/comision-arrabal\/wp-content\/uploads\/sites\/8\/2026\/09\/20260831_090745-1024x461.jpg 1024w, https:\/\/redaccion1.fcpolit.unr.edu.ar\/comision-arrabal\/wp-content\/uploads\/sites\/8\/2026\/09\/20260831_090745-768x346.jpg 768w, https:\/\/redaccion1.fcpolit.unr.edu.ar\/comision-arrabal\/wp-content\/uploads\/sites\/8\/2026\/09\/20260831_090745-1536x691.jpg 1536w, https:\/\/redaccion1.fcpolit.unr.edu.ar\/comision-arrabal\/wp-content\/uploads\/sites\/8\/2026\/09\/20260831_090745-2048x922.jpg 2048w\" sizes=\"(max-width: 300px) 100vw, 300px\" \/>\u201cLos g\u00e9neros discursivos y las secuencias textuales\u201d<\/a>,\u00a0<a href=\"https:\/\/drive.google.com\/file\/d\/1DyzlGEg9rp-RKqMCIsuHypHvJUUu_qCw\/view?usp=sharing\">\u201cLos g\u00e9neros en la teor\u00eda bajtiana\u201d<\/a>,\u00a0<a href=\"https:\/\/drive.google.com\/file\/d\/1UpD_8WtgxVYD6MdwdN_4C5XqKKcZlSiq\/view?usp=sharing\">\u201cEl concepto de secuencia\u201d<\/a>. P\u00e1ginas 251-252, 257-259, 265-267, de Calsamiglia y Tus\u00f3n<\/p>\n<p><a href=\"https:\/\/drive.google.com\/file\/d\/1OsXNNseQk-Nq4AhS34-PUNKNzre1IRyA\/view?usp=sharing\">\u201cExplorar el universo del discurso\u201d,\u00a0<\/a>de Anal\u00eda Reale<\/p>\n<p>\u201c<a href=\"https:\/\/drive.google.com\/file\/d\/1n_PIE52Odz3FUnmlGzcIyIMQoZo-Y6qI\/view\">El uso de hip\u00f3tesis: el n\u00facleo del m\u00e9todo de investigaci\u00f3n<\/a>\u201d. P\u00e1ginas 13-26, de Hunter, Mark; Sengers, Luuk; Thordsen, Pia.<\/p>\n<p><a href=\"https:\/\/drive.google.com\/file\/d\/1vxtkHc_ZmTVcwUAUXePjmmIq7P8hAoDl\/view?usp=sharing\">\u201cModelo del texto expositivo.\u00a0<\/a>P\u00e1ginas367-375, de S\u00e1nchez Lobato, Jes\u00fas.<\/p>\n<p><a href=\"https:\/\/drive.google.com\/file\/d\/1JUH0RSHtzSnNWpSV7sAVzPJOlxN5-OY8\/view?usp=sharing\">\u201cC\u00f3mo hacer periodismo de investigaci\u00f3n, paso por paso\u201d,\u00a0<\/a>de Rojas Delgado, Daniel<\/p>\n<p><a href=\"https:\/\/drive.google.com\/file\/d\/1VsnEJvvR21j59DLmWkh0H4NOZdmi9bIy\/view?usp=sharing\">\u201cRedacci\u00f3n\u201d<\/a>. En \u201cEl periodismo de investigaci\u00f3n\u201d de Reyes, Gerardo<\/p>\n","protected":false},"excerpt":{"rendered":"<p>Al comienzo explicamos el Trabajo Pr\u00e1ctico Integrador de la Unidad 3 \u201cLos textos y sus significados\u201d\u00a0que debe presentarse el\u00a04\/9 por mail. Luego recibimos la visita de alumnos de segundo a\u00f1o que comentaron sus procesos de elecci\u00f3n del tema, investigaci\u00f3n y redacci\u00f3n de textos para el trabajo final de la materia. Pueden leer sus producciones, a [&hellip;]<\/p>\n","protected":false},"author":44,"featured_media":0,"comment_status":"open","ping_status":"open","sticky":false,"template":"","format":"standard","meta":{"footnotes":""},"categories":[91,93],"tags":[],"_links":{"self":[{"href":"https:\/\/redaccion1.fcpolit.unr.edu.ar\/comision-arrabal\/wp-json\/wp\/v2\/posts\/5846"}],"collection":[{"href":"https:\/\/redaccion1.fcpolit.unr.edu.ar\/comision-arrabal\/wp-json\/wp\/v2\/posts"}],"about":[{"href":"https:\/\/redaccion1.fcpolit.unr.edu.ar\/comision-arrabal\/wp-json\/wp\/v2\/types\/post"}],"author":[{"embeddable":true,"href":"https:\/\/redaccion1.fcpolit.unr.edu.ar\/comision-arrabal\/wp-json\/wp\/v2\/users\/44"}],"replies":[{"embeddable":true,"href":"https:\/\/redaccion1.fcpolit.unr.edu.ar\/comision-arrabal\/wp-json\/wp\/v2\/comments?post=5846"}],"version-history":[{"count":5,"href":"https:\/\/redaccion1.fcpolit.unr.edu.ar\/comision-arrabal\/wp-json\/wp\/v2\/posts\/5846\/revisions"}],"predecessor-version":[{"id":5856,"href":"https:\/\/redaccion1.fcpolit.unr.edu.ar\/comision-arrabal\/wp-json\/wp\/v2\/posts\/5846\/revisions\/5856"}],"wp:attachment":[{"href":"https:\/\/redaccion1.fcpolit.unr.edu.ar\/comision-arrabal\/wp-json\/wp\/v2\/media?parent=5846"}],"wp:term":[{"taxonomy":"category","embeddable":true,"href":"https:\/\/redaccion1.fcpolit.unr.edu.ar\/comision-arrabal\/wp-json\/wp\/v2\/categories?post=5846"},{"taxonomy":"post_tag","embeddable":true,"href":"https:\/\/redaccion1.fcpolit.unr.edu.ar\/comision-arrabal\/wp-json\/wp\/v2\/tags?post=5846"}],"curies":[{"name":"wp","href":"https:\/\/api.w.org\/{rel}","templated":true}]}}