{"id":581,"date":"2012-05-14T19:52:03","date_gmt":"2012-05-14T19:52:03","guid":{"rendered":"http:\/\/fcpolit.unr.edu.ar\/blogs\/redaccion1-arrabal\/2012\/05\/14\/resumen-de-la-clase-145-comision-1\/"},"modified":"2012-05-14T19:52:03","modified_gmt":"2012-05-14T19:52:03","slug":"resumen-de-la-clase-145-comision-1","status":"publish","type":"post","link":"https:\/\/redaccion1.fcpolit.unr.edu.ar\/comision-arrabal\/2012\/05\/14\/resumen-de-la-clase-145-comision-1\/","title":{"rendered":"Resumen de la clase 14\/5. Comisi\u00f3n 1"},"content":{"rendered":"<p><a href=\"http:\/\/enredaccion.bligoo.com.ar\/presentacion-42\">Por Manuela Bork <\/a>y <a href=\"http:\/\/enredaccion.bligoo.com.ar\/mi-presentacion-6\">Brenda Oreggioni<\/a><br \/>\nComenzamos con la teor\u00eda de c\u00f3mo est\u00e1 formada la noticia y su conjunto de <a href=\"http:\/\/www.bdp.org.ar\/facultad\/catedras\/comsoc\/redaccion1\/unidades\/2010\/05\/titulares_de_noticias_2.php\">titulares<\/a>. Vimos que \u00e9stos pueden ser informativos o motivacionales y que hay otros elementos que los complementan: cintillo, copete, bajada, volanta. Para poder comprender mejor, observamos estos elementos en una noticia. Luego la profsora analiz\u00f3 la misma informaci\u00f3n en dos diarios diferentes como Clar\u00edn y P\u00e1gina\/12, destacando de qu\u00e9 manera trata cada uno la noticia y c\u00f3mo la estructura.<\/p>\n<p><!--more--><br \/>\nUna vez explicados los conceptos nos abocamos a la tarea de realizar una actividad en grupo, que constaba del an\u00e1lisis de una misma noticia en dos medios diferentes, reconociendo volanta, si ten\u00eda bajada o copete, qu\u00e9 tipo de t\u00edtulo y destacando la estructura que segu\u00eda. Al finalizar los an\u00e1lisis, cada grupo lo expuso ante la clase.<br \/>\nLuego de la actividad volvimos a las explicaciones. Retomando los conceptos de Estrategias de Producci\u00f3n reconocimos:<br \/>\n\u2022Interactivas y Pragm\u00e1ticas: -Actos de habla<br \/>\n-Planificaci\u00f3n de la Producci\u00f3n.<br \/>\n-Planes Discursivos.<br \/>\n\u2022Sem\u00e1nticas: -Macroestructuras (tema)<br \/>\n-Superestructura (formato)<br \/>\n\u2022Coherencia Local: &#8211; Microestructura (partes del tema).<br \/>\nPor \u00faltimo, comenzamos a hacer el <a href=\"http:\/\/www.bdp.org.ar\/facultad\/catedras\/comsoc\/redaccion1\/arrabal\/2012\/05\/trabajo_7_reordenamiento.php#more\">Trabajo Practico N\u00ba7<\/a> en base a los cuentos que hab\u00eda que traer le\u00eddos. La fecha l\u00edmite para la entrega del trabajo es el 21\/5.<br \/>\nPara la pr\u00f3xima clase tambi\u00e9n debemos leer: <a href=\"http:\/\/www.bdp.org.ar\/facultad\/catedras\/comsoc\/redaccion1\/unidades\/2008\/03\/enunciados_referidos.php\">\u201cEnunciados referidos\u201d<\/a> que pertenece a la Unidad 5 y traer una entrevista corta en formato pregunta-respuesta para hacer un trabajo .<\/p>\n","protected":false},"excerpt":{"rendered":"<p>Por Manuela Bork y Brenda Oreggioni Comenzamos con la teor\u00eda de c\u00f3mo est\u00e1 formada la noticia y su conjunto de titulares. Vimos que \u00e9stos pueden ser informativos o motivacionales y que hay otros elementos que los complementan: cintillo, copete, bajada, volanta. Para poder comprender mejor, observamos estos elementos en una noticia. Luego la profsora analiz\u00f3 [&hellip;]<\/p>\n","protected":false},"author":40,"featured_media":0,"comment_status":"open","ping_status":"closed","sticky":false,"template":"","format":"standard","meta":{"footnotes":""},"categories":[17],"tags":[],"_links":{"self":[{"href":"https:\/\/redaccion1.fcpolit.unr.edu.ar\/comision-arrabal\/wp-json\/wp\/v2\/posts\/581"}],"collection":[{"href":"https:\/\/redaccion1.fcpolit.unr.edu.ar\/comision-arrabal\/wp-json\/wp\/v2\/posts"}],"about":[{"href":"https:\/\/redaccion1.fcpolit.unr.edu.ar\/comision-arrabal\/wp-json\/wp\/v2\/types\/post"}],"author":[{"embeddable":true,"href":"https:\/\/redaccion1.fcpolit.unr.edu.ar\/comision-arrabal\/wp-json\/wp\/v2\/users\/40"}],"replies":[{"embeddable":true,"href":"https:\/\/redaccion1.fcpolit.unr.edu.ar\/comision-arrabal\/wp-json\/wp\/v2\/comments?post=581"}],"version-history":[{"count":0,"href":"https:\/\/redaccion1.fcpolit.unr.edu.ar\/comision-arrabal\/wp-json\/wp\/v2\/posts\/581\/revisions"}],"wp:attachment":[{"href":"https:\/\/redaccion1.fcpolit.unr.edu.ar\/comision-arrabal\/wp-json\/wp\/v2\/media?parent=581"}],"wp:term":[{"taxonomy":"category","embeddable":true,"href":"https:\/\/redaccion1.fcpolit.unr.edu.ar\/comision-arrabal\/wp-json\/wp\/v2\/categories?post=581"},{"taxonomy":"post_tag","embeddable":true,"href":"https:\/\/redaccion1.fcpolit.unr.edu.ar\/comision-arrabal\/wp-json\/wp\/v2\/tags?post=581"}],"curies":[{"name":"wp","href":"https:\/\/api.w.org\/{rel}","templated":true}]}}