{"id":5809,"date":"2026-08-11T12:49:51","date_gmt":"2026-08-11T15:49:51","guid":{"rendered":"https:\/\/redaccion1.fcpolit.unr.edu.ar\/comision-arrabal\/?p=5809"},"modified":"2026-08-11T12:49:51","modified_gmt":"2026-08-11T15:49:51","slug":"clase-9-10-de-agosto","status":"publish","type":"post","link":"https:\/\/redaccion1.fcpolit.unr.edu.ar\/comision-arrabal\/2026\/08\/11\/clase-9-10-de-agosto\/","title":{"rendered":"Clase 9 (10 de agosto)"},"content":{"rendered":"<p><img loading=\"lazy\" decoding=\"async\" class=\"size-full wp-image-5810 alignleft\" src=\"http:\/\/redaccion1.fcpolit.unr.edu.ar\/comision-arrabal\/wp-content\/uploads\/sites\/8\/2026\/08\/images-2.jpg\" alt=\"\" width=\"259\" height=\"194\" \/>Comenzamos la clase con el desarrollo de la <a href=\"https:\/\/redaccion1.fcpolit.unr.edu.ar\/programa\/2020\/05\/20\/unidad-3-los-textos-y-sus-significados\/\">Unidad 3 \u201cLos textos y sus significados\u201d<\/a>. Repasamos el concepto de \u201ctexto\u201d, las normas de textualidad y definimos Macroestructura y Superestructura para comprender la Coherencia, as\u00ed como los mecanismos de Cohesi\u00f3n.<\/p>\n<p>Planteamos la realizaci\u00f3n en grupos del<a href=\"https:\/\/redaccion1.fcpolit.unr.edu.ar\/comision-arrabal\/2026\/08\/07\/taller-de-lectura-8-textura\/\"> Taller de Lectura 7 \u201cTextura\u201d<\/a> y expusimos de forma oral las conclusiones. El trabajo completo debe enviarse por mail durante esta semana.<\/p>\n<p>A las 14 horas se tom\u00f3 el Recuperatorio del Parcial cuyas notas se enviar\u00e1n por mail. Aquellos alumnos que no aprueben tendr\u00e1n la posibilidad e hacer un segundo parcial en el mes de octubre para regularizar o promocionar la materia.<\/p>\n<p><!--more--><\/p>\n<p>El lunes 17\/8 es feriado y el 24\/8 por no estar en la ciudad, dejar\u00e9 grabada la clase con la segunda parte de la Unidad 3 centrada en la siguiente bibliograf\u00eda:<\/p>\n<p>E<a href=\"https:\/\/drive.google.com\/file\/d\/1_pznGtg3ODRtRUMwqZZvDaJlNFEL7MKW\/view\" target=\"_blank\" rel=\"noopener\">scribir en la Internet. Gu\u00eda para los nuevos medios y redes sociales<\/a>. Pp. 333-339, de Camus.<\/p>\n<p><a href=\"https:\/\/drive.google.com\/file\/d\/1_pznGtg3ODRtRUMwqZZvDaJlNFEL7MKW\/view\">Escribir en la Internet. Gu\u00eda para los nuevos medios y redes sociales.<\/a>\u00a0Pp. 375-383, de Monleon y Selles.<\/p>\n<p><a href=\"https:\/\/drive.google.com\/file\/d\/1gkkxUiD1wQzHdV0ImAfK_2m1biTfg9cb\/view\">\u201cDe la pir\u00e1mide invertida al hipertexto: hacia nuevos est\u00e1ndares de redacci\u00f3n para la prensa digital\u201d.<\/a>Pp. 12-16, de Salaverria.<\/p>\n<p><a href=\"https:\/\/drive.google.com\/file\/d\/10dCXmmJAeVvIUX5K9YiKBC_Dr1eiRP2Z\/view\">\u201cEconom\u00eda pol\u00edtica de las hipermediaciones: los textos\u201d (fragmento).<\/a>\u00a0Pp. 213\/219, de Scolari<\/p>\n<p>Nuestro pr\u00f3ximo encuentro presencial ser\u00e1 el 31\/8. Ese d\u00eda vendr\u00e1n alumnos de segundo a\u00f1o para contar su experiencia en la realizaci\u00f3n del trabajo final de la materia. Cada alumno debe traer una idea de tema para ese trabajo.<\/p>\n<p>&nbsp;<\/p>\n","protected":false},"excerpt":{"rendered":"<p>Comenzamos la clase con el desarrollo de la Unidad 3 \u201cLos textos y sus significados\u201d. Repasamos el concepto de \u201ctexto\u201d, las normas de textualidad y definimos Macroestructura y Superestructura para comprender la Coherencia, as\u00ed como los mecanismos de Cohesi\u00f3n. Planteamos la realizaci\u00f3n en grupos del Taller de Lectura 7 \u201cTextura\u201d y expusimos de forma oral [&hellip;]<\/p>\n","protected":false},"author":44,"featured_media":0,"comment_status":"open","ping_status":"open","sticky":false,"template":"","format":"standard","meta":{"footnotes":""},"categories":[91,93],"tags":[],"_links":{"self":[{"href":"https:\/\/redaccion1.fcpolit.unr.edu.ar\/comision-arrabal\/wp-json\/wp\/v2\/posts\/5809"}],"collection":[{"href":"https:\/\/redaccion1.fcpolit.unr.edu.ar\/comision-arrabal\/wp-json\/wp\/v2\/posts"}],"about":[{"href":"https:\/\/redaccion1.fcpolit.unr.edu.ar\/comision-arrabal\/wp-json\/wp\/v2\/types\/post"}],"author":[{"embeddable":true,"href":"https:\/\/redaccion1.fcpolit.unr.edu.ar\/comision-arrabal\/wp-json\/wp\/v2\/users\/44"}],"replies":[{"embeddable":true,"href":"https:\/\/redaccion1.fcpolit.unr.edu.ar\/comision-arrabal\/wp-json\/wp\/v2\/comments?post=5809"}],"version-history":[{"count":1,"href":"https:\/\/redaccion1.fcpolit.unr.edu.ar\/comision-arrabal\/wp-json\/wp\/v2\/posts\/5809\/revisions"}],"predecessor-version":[{"id":5811,"href":"https:\/\/redaccion1.fcpolit.unr.edu.ar\/comision-arrabal\/wp-json\/wp\/v2\/posts\/5809\/revisions\/5811"}],"wp:attachment":[{"href":"https:\/\/redaccion1.fcpolit.unr.edu.ar\/comision-arrabal\/wp-json\/wp\/v2\/media?parent=5809"}],"wp:term":[{"taxonomy":"category","embeddable":true,"href":"https:\/\/redaccion1.fcpolit.unr.edu.ar\/comision-arrabal\/wp-json\/wp\/v2\/categories?post=5809"},{"taxonomy":"post_tag","embeddable":true,"href":"https:\/\/redaccion1.fcpolit.unr.edu.ar\/comision-arrabal\/wp-json\/wp\/v2\/tags?post=5809"}],"curies":[{"name":"wp","href":"https:\/\/api.w.org\/{rel}","templated":true}]}}