{"id":5797,"date":"2026-07-28T10:22:55","date_gmt":"2026-07-28T13:22:55","guid":{"rendered":"https:\/\/redaccion1.fcpolit.unr.edu.ar\/comision-arrabal\/?p=5797"},"modified":"2026-07-30T12:13:17","modified_gmt":"2026-07-30T15:13:17","slug":"segundo-cuatrimestre-6","status":"publish","type":"post","link":"https:\/\/redaccion1.fcpolit.unr.edu.ar\/comision-arrabal\/2026\/07\/28\/segundo-cuatrimestre-6\/","title":{"rendered":"Segundo cuatrimestre"},"content":{"rendered":"<p><img loading=\"lazy\" decoding=\"async\" class=\"size-full wp-image-5798 alignleft\" src=\"http:\/\/redaccion1.fcpolit.unr.edu.ar\/comision-arrabal\/wp-content\/uploads\/sites\/8\/2026\/07\/images-2.jpg\" alt=\"\" width=\"259\" height=\"194\" \/>El lunes 27 de julio realizamos el Parcial de Redacci\u00f3n sobre los temas dados en las Unidades 1 y 2. Las correcciones ser\u00e1n enviadas por mail. El recuperatorio del parcial tendr\u00e1 lugar el <strong>10 de agosto a las 14 horas<\/strong> para ambas comisiones.<\/p>\n<p>La clase pr\u00f3xima comenzaremos la <a href=\"https:\/\/redaccion1.fcpolit.unr.edu.ar\/programa\/2020\/05\/20\/unidad-3-los-textos-y-sus-significados\/\">Unidad 3 &#8220;Los textos y sus significados&#8221;<\/a>, con la siguiente bibliograf\u00eda que hay que leer para realizar la actividad de taller:<\/p>\n<p>&nbsp;<\/p>\n<p><a href=\"https:\/\/docs.google.com\/document\/d\/1UWaT7SooYoGCN98uA2ET4LSF-l72kufH\/edit?usp=sharing&amp;ouid=112679779201636011940&amp;rtpof=true&amp;sd=true\">Texto, de Diccionario de t\u00e9rminos clave de ELE.<\/a><\/p>\n<p><a href=\"https:\/\/drive.google.com\/file\/d\/1Jd8w-bNVu870lT9a7fdEhSyY2u44SA4a\/view?usp=sharing\">Nociones b\u00e1sicas de de Beaugrande y Dressler<\/a><\/p>\n<p><a href=\"https:\/\/docs.google.com\/document\/d\/1drqjlmwxhMx4tgz9QBkjS4FLd2H5s3-k\/edit?usp=sharing&amp;ouid=112679779201636011940&amp;rtpof=true&amp;sd=true\">Coherencia de Diccionario de t\u00e9rminos clave de ELE<\/a><\/p>\n<p><a href=\"https:\/\/drive.google.com\/file\/d\/1o19tkW-EDXdmi0L1cU6NMwNzGr2tGmsX\/view?usp=sharing\">La textura discursiva de Calsamiglia y Tus\u00f3n<\/a><\/p>\n","protected":false},"excerpt":{"rendered":"<p>El lunes 27 de julio realizamos el Parcial de Redacci\u00f3n sobre los temas dados en las Unidades 1 y 2. Las correcciones ser\u00e1n enviadas por mail. El recuperatorio del parcial tendr\u00e1 lugar el 10 de agosto a las 14 horas para ambas comisiones. La clase pr\u00f3xima comenzaremos la Unidad 3 &#8220;Los textos y sus significados&#8221;, [&hellip;]<\/p>\n","protected":false},"author":44,"featured_media":0,"comment_status":"open","ping_status":"open","sticky":false,"template":"","format":"standard","meta":{"footnotes":""},"categories":[91,93],"tags":[],"_links":{"self":[{"href":"https:\/\/redaccion1.fcpolit.unr.edu.ar\/comision-arrabal\/wp-json\/wp\/v2\/posts\/5797"}],"collection":[{"href":"https:\/\/redaccion1.fcpolit.unr.edu.ar\/comision-arrabal\/wp-json\/wp\/v2\/posts"}],"about":[{"href":"https:\/\/redaccion1.fcpolit.unr.edu.ar\/comision-arrabal\/wp-json\/wp\/v2\/types\/post"}],"author":[{"embeddable":true,"href":"https:\/\/redaccion1.fcpolit.unr.edu.ar\/comision-arrabal\/wp-json\/wp\/v2\/users\/44"}],"replies":[{"embeddable":true,"href":"https:\/\/redaccion1.fcpolit.unr.edu.ar\/comision-arrabal\/wp-json\/wp\/v2\/comments?post=5797"}],"version-history":[{"count":4,"href":"https:\/\/redaccion1.fcpolit.unr.edu.ar\/comision-arrabal\/wp-json\/wp\/v2\/posts\/5797\/revisions"}],"predecessor-version":[{"id":5802,"href":"https:\/\/redaccion1.fcpolit.unr.edu.ar\/comision-arrabal\/wp-json\/wp\/v2\/posts\/5797\/revisions\/5802"}],"wp:attachment":[{"href":"https:\/\/redaccion1.fcpolit.unr.edu.ar\/comision-arrabal\/wp-json\/wp\/v2\/media?parent=5797"}],"wp:term":[{"taxonomy":"category","embeddable":true,"href":"https:\/\/redaccion1.fcpolit.unr.edu.ar\/comision-arrabal\/wp-json\/wp\/v2\/categories?post=5797"},{"taxonomy":"post_tag","embeddable":true,"href":"https:\/\/redaccion1.fcpolit.unr.edu.ar\/comision-arrabal\/wp-json\/wp\/v2\/tags?post=5797"}],"curies":[{"name":"wp","href":"https:\/\/api.w.org\/{rel}","templated":true}]}}