{"id":5659,"date":"2025-11-03T17:13:10","date_gmt":"2025-11-03T20:13:10","guid":{"rendered":"https:\/\/redaccion1.fcpolit.unr.edu.ar\/comision-arrabal\/?p=5659"},"modified":"2025-11-03T17:39:59","modified_gmt":"2025-11-03T20:39:59","slug":"clase-22-3-de-noviembre","status":"publish","type":"post","link":"https:\/\/redaccion1.fcpolit.unr.edu.ar\/comision-arrabal\/2025\/11\/03\/clase-22-3-de-noviembre\/","title":{"rendered":"Clase 22 (3 de noviembre)"},"content":{"rendered":"<p><img loading=\"lazy\" decoding=\"async\" class=\"alignright size-medium wp-image-5660\" src=\"http:\/\/redaccion1.fcpolit.unr.edu.ar\/comision-arrabal\/wp-content\/uploads\/sites\/8\/2025\/11\/Screenshot_20251103-170354_Instagram-225x300.jpg\" alt=\"\" width=\"225\" height=\"300\" srcset=\"https:\/\/redaccion1.fcpolit.unr.edu.ar\/comision-arrabal\/wp-content\/uploads\/sites\/8\/2025\/11\/Screenshot_20251103-170354_Instagram-225x300.jpg 225w, https:\/\/redaccion1.fcpolit.unr.edu.ar\/comision-arrabal\/wp-content\/uploads\/sites\/8\/2025\/11\/Screenshot_20251103-170354_Instagram.jpg 720w\" sizes=\"(max-width: 225px) 100vw, 225px\" \/>En la clase de hoy trabajamos sobre los textos de la Segunda Salida al Campo publicados en el Padlet <a href=\"https:\/\/padlet.com\/mariaarrabal1\/feria-de-noticias-blipz69yyjxo7kmh\">&#8220;Feria de Noticias&#8221;<\/a>. En base a estas producciones y bajo la coordinaci\u00f3n de los ayudantes alumnos Danna Ramos y Paco Garc\u00eda, redactamos contenidos para redes sociales en el instagram @redaccionunr<\/p>\n<p>Adem\u00e1s despejamos dudas sobre la entrega del trabajo final y realizamos consultas individuales sobre el mismo. Recordamos que el lunes 10\/11 es nuestra \u00faltima clase y \u00faltimo plazo para presentar los trabajos adeudados.<\/p>\n<p>Para regularizar la materia deben tener el 75% de asistencia, el parcial, 6 trabajos pr\u00e1cticos y 7 trabajos pr\u00e1cticos integradores. La pr\u00f3xima clase la destinaremos a las \u00faltimas consultas.<\/p>\n<p>EL trabajo final debe enviarse al mail: maria.arrabal@fcpolit.unr.edu.ar hasta el <strong>14\/11<\/strong> o bien presentarse en la mesa de examen del<strong> 10\/12<\/strong> avisando previamente a la docente.<\/p>\n<p>&nbsp;<\/p>\n","protected":false},"excerpt":{"rendered":"<p>En la clase de hoy trabajamos sobre los textos de la Segunda Salida al Campo publicados en el Padlet &#8220;Feria de Noticias&#8221;. En base a estas producciones y bajo la coordinaci\u00f3n de los ayudantes alumnos Danna Ramos y Paco Garc\u00eda, redactamos contenidos para redes sociales en el instagram @redaccionunr Adem\u00e1s despejamos dudas sobre la entrega [&hellip;]<\/p>\n","protected":false},"author":44,"featured_media":0,"comment_status":"open","ping_status":"open","sticky":false,"template":"","format":"standard","meta":{"footnotes":""},"categories":[86,88],"tags":[],"_links":{"self":[{"href":"https:\/\/redaccion1.fcpolit.unr.edu.ar\/comision-arrabal\/wp-json\/wp\/v2\/posts\/5659"}],"collection":[{"href":"https:\/\/redaccion1.fcpolit.unr.edu.ar\/comision-arrabal\/wp-json\/wp\/v2\/posts"}],"about":[{"href":"https:\/\/redaccion1.fcpolit.unr.edu.ar\/comision-arrabal\/wp-json\/wp\/v2\/types\/post"}],"author":[{"embeddable":true,"href":"https:\/\/redaccion1.fcpolit.unr.edu.ar\/comision-arrabal\/wp-json\/wp\/v2\/users\/44"}],"replies":[{"embeddable":true,"href":"https:\/\/redaccion1.fcpolit.unr.edu.ar\/comision-arrabal\/wp-json\/wp\/v2\/comments?post=5659"}],"version-history":[{"count":3,"href":"https:\/\/redaccion1.fcpolit.unr.edu.ar\/comision-arrabal\/wp-json\/wp\/v2\/posts\/5659\/revisions"}],"predecessor-version":[{"id":5663,"href":"https:\/\/redaccion1.fcpolit.unr.edu.ar\/comision-arrabal\/wp-json\/wp\/v2\/posts\/5659\/revisions\/5663"}],"wp:attachment":[{"href":"https:\/\/redaccion1.fcpolit.unr.edu.ar\/comision-arrabal\/wp-json\/wp\/v2\/media?parent=5659"}],"wp:term":[{"taxonomy":"category","embeddable":true,"href":"https:\/\/redaccion1.fcpolit.unr.edu.ar\/comision-arrabal\/wp-json\/wp\/v2\/categories?post=5659"},{"taxonomy":"post_tag","embeddable":true,"href":"https:\/\/redaccion1.fcpolit.unr.edu.ar\/comision-arrabal\/wp-json\/wp\/v2\/tags?post=5659"}],"curies":[{"name":"wp","href":"https:\/\/api.w.org\/{rel}","templated":true}]}}