{"id":541,"date":"2011-08-18T10:18:28","date_gmt":"2011-08-18T10:18:28","guid":{"rendered":"http:\/\/fcpolit.unr.edu.ar\/blogs\/redaccion1-arrabal\/2011\/08\/18\/un-paseo-por-la-rosario-insolita\/"},"modified":"2011-08-18T10:18:28","modified_gmt":"2011-08-18T10:18:28","slug":"un-paseo-por-la-rosario-insolita","status":"publish","type":"post","link":"https:\/\/redaccion1.fcpolit.unr.edu.ar\/comision-arrabal\/2011\/08\/18\/un-paseo-por-la-rosario-insolita\/","title":{"rendered":"Un paseo por la Rosario ins\u00f3lita"},"content":{"rendered":"<p><img decoding=\"async\" alt=\"thumb_a_su_hija_la_cuidan-Cerrito_400.jpg\" src=\"http:\/\/www.bdp.org.ar\/facultad\/catedras\/comsoc\/redaccion1\/arrabal\/thumb_a_su_hija_la_cuidan-Cerrito_400.jpg\" width=\"160\" \/><br \/>\nEl siguiente texto, publicado en la secci\u00f3n &#8220;Cr\u00f3nicas Urbanas&#8221; del diario <a href=\"http:\/\/www.diariocruzdelsur.com.ar\/\">Cruz del Sur<\/a>, ser\u00e1 utilizado en la clase del viernes para analizar la coherencia y la cohesi\u00f3n.<br \/>\n<a href=\"http:\/\/www.diariocruzdelsur.com.ar\/index\/derecha\/id\/122\">Un paseo por la Rosario ins\u00f3lita<\/a><\/p>\n","protected":false},"excerpt":{"rendered":"<p>El siguiente texto, publicado en la secci\u00f3n &#8220;Cr\u00f3nicas Urbanas&#8221; del diario Cruz del Sur, ser\u00e1 utilizado en la clase del viernes para analizar la coherencia y la cohesi\u00f3n. Un paseo por la Rosario ins\u00f3lita<\/p>\n","protected":false},"author":40,"featured_media":0,"comment_status":"open","ping_status":"closed","sticky":false,"template":"","format":"standard","meta":{"footnotes":""},"categories":[10],"tags":[],"_links":{"self":[{"href":"https:\/\/redaccion1.fcpolit.unr.edu.ar\/comision-arrabal\/wp-json\/wp\/v2\/posts\/541"}],"collection":[{"href":"https:\/\/redaccion1.fcpolit.unr.edu.ar\/comision-arrabal\/wp-json\/wp\/v2\/posts"}],"about":[{"href":"https:\/\/redaccion1.fcpolit.unr.edu.ar\/comision-arrabal\/wp-json\/wp\/v2\/types\/post"}],"author":[{"embeddable":true,"href":"https:\/\/redaccion1.fcpolit.unr.edu.ar\/comision-arrabal\/wp-json\/wp\/v2\/users\/40"}],"replies":[{"embeddable":true,"href":"https:\/\/redaccion1.fcpolit.unr.edu.ar\/comision-arrabal\/wp-json\/wp\/v2\/comments?post=541"}],"version-history":[{"count":0,"href":"https:\/\/redaccion1.fcpolit.unr.edu.ar\/comision-arrabal\/wp-json\/wp\/v2\/posts\/541\/revisions"}],"wp:attachment":[{"href":"https:\/\/redaccion1.fcpolit.unr.edu.ar\/comision-arrabal\/wp-json\/wp\/v2\/media?parent=541"}],"wp:term":[{"taxonomy":"category","embeddable":true,"href":"https:\/\/redaccion1.fcpolit.unr.edu.ar\/comision-arrabal\/wp-json\/wp\/v2\/categories?post=541"},{"taxonomy":"post_tag","embeddable":true,"href":"https:\/\/redaccion1.fcpolit.unr.edu.ar\/comision-arrabal\/wp-json\/wp\/v2\/tags?post=541"}],"curies":[{"name":"wp","href":"https:\/\/api.w.org\/{rel}","templated":true}]}}