{"id":532,"date":"2011-06-24T17:28:07","date_gmt":"2011-06-24T17:28:07","guid":{"rendered":"http:\/\/fcpolit.unr.edu.ar\/blogs\/redaccion1-arrabal\/2011\/06\/24\/taller-de-lectura-n-6\/"},"modified":"2011-06-24T17:28:07","modified_gmt":"2011-06-24T17:28:07","slug":"taller-de-lectura-n-6","status":"publish","type":"post","link":"https:\/\/redaccion1.fcpolit.unr.edu.ar\/comision-arrabal\/2011\/06\/24\/taller-de-lectura-n-6\/","title":{"rendered":"Taller de Lectura N\u00b0 6"},"content":{"rendered":"<p><img decoding=\"async\" alt=\"untitled.bmp\" src=\"http:\/\/www.bdp.org.ar\/facultad\/catedras\/comsoc\/redaccion1\/arrabal\/untitled.bmp\" width=\"242\" \/><br \/>\nEste trabajo tiene como objetivo observar las caracter\u00edsticas de un hipertexto y reflexionar acerca de las formas de lectura en un medio digital.<\/p>\n<p><!--more--><br \/>\n1) Seleccionar una noticia de un medio digital<br \/>\n2) Relatar el trayecto de lectura realizado<br \/>\n3) Indicar a qu\u00e9 remiten los enlaces y qu\u00e9 tipo de informaci\u00f3n aportan (localizadora, contextualizadora, documental, de actualizaci\u00f3n, servicio)<br \/>\n4) Redactar una reflexi\u00f3n acerca de la lectura de un hipertexto y sus diferencias con la lectura de un texto.<br \/>\n<strong>Fecha de entrega<\/strong>: 24\/6 al correo elecr\u00f3nico de la docente.<br \/>\n<strong>Importante:<\/strong> Adjuntar la noticia seleccionada o link de referencia.<\/p>\n","protected":false},"excerpt":{"rendered":"<p>Este trabajo tiene como objetivo observar las caracter\u00edsticas de un hipertexto y reflexionar acerca de las formas de lectura en un medio digital.<\/p>\n","protected":false},"author":40,"featured_media":0,"comment_status":"open","ping_status":"closed","sticky":false,"template":"","format":"standard","meta":{"footnotes":""},"categories":[5],"tags":[],"_links":{"self":[{"href":"https:\/\/redaccion1.fcpolit.unr.edu.ar\/comision-arrabal\/wp-json\/wp\/v2\/posts\/532"}],"collection":[{"href":"https:\/\/redaccion1.fcpolit.unr.edu.ar\/comision-arrabal\/wp-json\/wp\/v2\/posts"}],"about":[{"href":"https:\/\/redaccion1.fcpolit.unr.edu.ar\/comision-arrabal\/wp-json\/wp\/v2\/types\/post"}],"author":[{"embeddable":true,"href":"https:\/\/redaccion1.fcpolit.unr.edu.ar\/comision-arrabal\/wp-json\/wp\/v2\/users\/40"}],"replies":[{"embeddable":true,"href":"https:\/\/redaccion1.fcpolit.unr.edu.ar\/comision-arrabal\/wp-json\/wp\/v2\/comments?post=532"}],"version-history":[{"count":0,"href":"https:\/\/redaccion1.fcpolit.unr.edu.ar\/comision-arrabal\/wp-json\/wp\/v2\/posts\/532\/revisions"}],"wp:attachment":[{"href":"https:\/\/redaccion1.fcpolit.unr.edu.ar\/comision-arrabal\/wp-json\/wp\/v2\/media?parent=532"}],"wp:term":[{"taxonomy":"category","embeddable":true,"href":"https:\/\/redaccion1.fcpolit.unr.edu.ar\/comision-arrabal\/wp-json\/wp\/v2\/categories?post=532"},{"taxonomy":"post_tag","embeddable":true,"href":"https:\/\/redaccion1.fcpolit.unr.edu.ar\/comision-arrabal\/wp-json\/wp\/v2\/tags?post=532"}],"curies":[{"name":"wp","href":"https:\/\/api.w.org\/{rel}","templated":true}]}}