{"id":5235,"date":"2024-08-26T20:49:41","date_gmt":"2024-08-26T23:49:41","guid":{"rendered":"https:\/\/redaccion1.fcpolit.unr.edu.ar\/comision-arrabal\/?p=5235"},"modified":"2024-08-29T11:04:57","modified_gmt":"2024-08-29T14:04:57","slug":"clase-13-26-8-2","status":"publish","type":"post","link":"https:\/\/redaccion1.fcpolit.unr.edu.ar\/comision-arrabal\/2024\/08\/26\/clase-13-26-8-2\/","title":{"rendered":"Clase 13 (26 de agosto)"},"content":{"rendered":"<p>Recordando que el 24 de agosto fue el d\u00eda del lector por el natalicio de Jorge Luis Borges, le\u00edmos al comienzo de la clase <a href=\"https:\/\/www.poesi.as\/jlb1340.htm\">&#8220;Juan L\u00f3pez y John Ward&#8221;<\/a>. Luego despejamos algunas dudas sobre el <a href=\"https:\/\/redaccion1.fcpolit.unr.edu.ar\/programa\/2020\/07\/28\/trabajo-pactico-unidad-3-los-textos-y-sus-significados\/\">Trabajo Pr\u00e1ctico Integrador 3<\/a> cuya fecha de entrega extendimos <strong>hasta el 30\/8.<\/strong><\/p>\n<p>Comenzamos con el desarrollo de la <a href=\"https:\/\/redaccion1.fcpolit.unr.edu.ar\/programa\/2020\/07\/29\/unidad-4-periodismo-y-generos-discursivos\/\">Unidad 4 &#8220;Periodismo y g\u00e9neros discursivos&#8221;.<\/a> Vimos las caracter\u00edsticas principales de distintos tipos de textos: narrativo, descriptivo, expositivo, conversacional y argumentativo. Tambi\u00e9n explicamos que el g\u00e9nero discursivo se refiere al \u00e1mbito en el que circulan: literario, period\u00edstico, cient\u00edfico, publicitario, epistolar, judicial. Por ejemplo: una cr\u00f3nica<span style=\"font-weight: 400\"> corresponde al g\u00e9nero discursivo period\u00edstico y su trama textual predominante o tipo de texto es el narrativo. Una editorial pertenece tambi\u00e9n al g\u00e9nero discursivo period\u00edstico pero su trama textual predominante es la argumentativa. <\/span><\/p>\n<p>Despu\u00e9s nos centramos en el primer tipo de texto que estudiaremos:<a href=\"https:\/\/redaccion1.fcpolit.unr.edu.ar\/programa\/2020\/07\/29\/unidad-4-1-generos-expositivos-y-explicativos\/\"> el expositivo<\/a>. En este se explican con claridad y orden ideas sobre un determinado tema. Aqu\u00ed nos detuvimos para empezar a pensar el proyecto del trabajo final de la materia que consiste en el <a href=\"https:\/\/redaccion1.fcpolit.unr.edu.ar\/programa\/2020\/07\/29\/trabajo-practico-textos-expositivos\/\">Trabajo Pr\u00e1ctico Integrador 4.1<\/a> cuya <strong>fecha de entrega es el 6\/9.<\/strong><\/p>\n<p>Recibimos la visita de estudiantes de segundo a\u00f1o quienes comentaron c\u00f3mo realizaron su trabajo final el a\u00f1o pasado, desde la selecci\u00f3n del tema, la formulaci\u00f3n de la hip\u00f3tesis, la b\u00fasqueda de informaci\u00f3n, las entrevistas, la selecci\u00f3n del material y la redacci\u00f3n de los distintos textos. En la comisi\u00f3n 1 estuvieron Abril Garc\u00eda, Chiara Alessandri y Amadeo Arnone. En la Comisi\u00f3n 2 Florencia Curbela, Evelyn Giovagnoli y Delfina De Seta. En esta carpeta de <a href=\"https:\/\/drive.google.com\/drive\/folders\/1dfCPn9LN8mW4C7-7ETSdDRnWtU9aRVD0?usp=sharing\">Trabajos Finales 2023<\/a> pueden leer sus producciones.<\/p>\n<p>&nbsp;<\/p>\n<div id='gallery-1' class='gallery galleryid-5235 gallery-columns-4 gallery-size-medium'><figure class='gallery-item'>\n\t\t\t<div class='gallery-icon landscape'>\n\t\t\t\t<a href='https:\/\/redaccion1.fcpolit.unr.edu.ar\/comision-arrabal\/2024\/08\/26\/clase-13-26-8-2\/alumnos-1\/'><img loading=\"lazy\" decoding=\"async\" width=\"300\" height=\"225\" src=\"https:\/\/redaccion1.fcpolit.unr.edu.ar\/comision-arrabal\/wp-content\/uploads\/sites\/8\/2024\/08\/Alumnos-1-300x225.jpg\" class=\"attachment-medium size-medium\" alt=\"\" srcset=\"https:\/\/redaccion1.fcpolit.unr.edu.ar\/comision-arrabal\/wp-content\/uploads\/sites\/8\/2024\/08\/Alumnos-1-300x225.jpg 300w, https:\/\/redaccion1.fcpolit.unr.edu.ar\/comision-arrabal\/wp-content\/uploads\/sites\/8\/2024\/08\/Alumnos-1-1024x768.jpg 1024w, https:\/\/redaccion1.fcpolit.unr.edu.ar\/comision-arrabal\/wp-content\/uploads\/sites\/8\/2024\/08\/Alumnos-1-768x576.jpg 768w, https:\/\/redaccion1.fcpolit.unr.edu.ar\/comision-arrabal\/wp-content\/uploads\/sites\/8\/2024\/08\/Alumnos-1-1536x1152.jpg 1536w, https:\/\/redaccion1.fcpolit.unr.edu.ar\/comision-arrabal\/wp-content\/uploads\/sites\/8\/2024\/08\/Alumnos-1-2048x1536.jpg 2048w\" sizes=\"(max-width: 300px) 100vw, 300px\" \/><\/a>\n\t\t\t<\/div><\/figure><figure class='gallery-item'>\n\t\t\t<div class='gallery-icon landscape'>\n\t\t\t\t<a href='https:\/\/redaccion1.fcpolit.unr.edu.ar\/comision-arrabal\/2024\/08\/26\/clase-13-26-8-2\/com-1\/'><img loading=\"lazy\" decoding=\"async\" width=\"300\" height=\"225\" src=\"https:\/\/redaccion1.fcpolit.unr.edu.ar\/comision-arrabal\/wp-content\/uploads\/sites\/8\/2024\/08\/Com-1-300x225.jpg\" class=\"attachment-medium size-medium\" alt=\"\" srcset=\"https:\/\/redaccion1.fcpolit.unr.edu.ar\/comision-arrabal\/wp-content\/uploads\/sites\/8\/2024\/08\/Com-1-300x225.jpg 300w, https:\/\/redaccion1.fcpolit.unr.edu.ar\/comision-arrabal\/wp-content\/uploads\/sites\/8\/2024\/08\/Com-1-1024x768.jpg 1024w, https:\/\/redaccion1.fcpolit.unr.edu.ar\/comision-arrabal\/wp-content\/uploads\/sites\/8\/2024\/08\/Com-1-768x576.jpg 768w, https:\/\/redaccion1.fcpolit.unr.edu.ar\/comision-arrabal\/wp-content\/uploads\/sites\/8\/2024\/08\/Com-1-1536x1152.jpg 1536w, https:\/\/redaccion1.fcpolit.unr.edu.ar\/comision-arrabal\/wp-content\/uploads\/sites\/8\/2024\/08\/Com-1-2048x1536.jpg 2048w\" sizes=\"(max-width: 300px) 100vw, 300px\" \/><\/a>\n\t\t\t<\/div><\/figure><figure class='gallery-item'>\n\t\t\t<div class='gallery-icon landscape'>\n\t\t\t\t<a href='https:\/\/redaccion1.fcpolit.unr.edu.ar\/comision-arrabal\/2024\/08\/26\/clase-13-26-8-2\/com-2\/'><img loading=\"lazy\" decoding=\"async\" width=\"300\" height=\"225\" src=\"https:\/\/redaccion1.fcpolit.unr.edu.ar\/comision-arrabal\/wp-content\/uploads\/sites\/8\/2024\/08\/Com-2-300x225.jpg\" class=\"attachment-medium size-medium\" alt=\"\" srcset=\"https:\/\/redaccion1.fcpolit.unr.edu.ar\/comision-arrabal\/wp-content\/uploads\/sites\/8\/2024\/08\/Com-2-300x225.jpg 300w, https:\/\/redaccion1.fcpolit.unr.edu.ar\/comision-arrabal\/wp-content\/uploads\/sites\/8\/2024\/08\/Com-2-1024x768.jpg 1024w, https:\/\/redaccion1.fcpolit.unr.edu.ar\/comision-arrabal\/wp-content\/uploads\/sites\/8\/2024\/08\/Com-2-768x576.jpg 768w, https:\/\/redaccion1.fcpolit.unr.edu.ar\/comision-arrabal\/wp-content\/uploads\/sites\/8\/2024\/08\/Com-2-1536x1152.jpg 1536w, https:\/\/redaccion1.fcpolit.unr.edu.ar\/comision-arrabal\/wp-content\/uploads\/sites\/8\/2024\/08\/Com-2-2048x1536.jpg 2048w\" sizes=\"(max-width: 300px) 100vw, 300px\" \/><\/a>\n\t\t\t<\/div><\/figure><figure class='gallery-item'>\n\t\t\t<div class='gallery-icon landscape'>\n\t\t\t\t<a href='https:\/\/redaccion1.fcpolit.unr.edu.ar\/comision-arrabal\/2024\/08\/26\/clase-13-26-8-2\/alumnos-2\/'><img loading=\"lazy\" decoding=\"async\" width=\"300\" height=\"225\" src=\"https:\/\/redaccion1.fcpolit.unr.edu.ar\/comision-arrabal\/wp-content\/uploads\/sites\/8\/2024\/08\/Alumnos-2-300x225.jpg\" class=\"attachment-medium size-medium\" alt=\"\" srcset=\"https:\/\/redaccion1.fcpolit.unr.edu.ar\/comision-arrabal\/wp-content\/uploads\/sites\/8\/2024\/08\/Alumnos-2-300x225.jpg 300w, https:\/\/redaccion1.fcpolit.unr.edu.ar\/comision-arrabal\/wp-content\/uploads\/sites\/8\/2024\/08\/Alumnos-2-1024x768.jpg 1024w, https:\/\/redaccion1.fcpolit.unr.edu.ar\/comision-arrabal\/wp-content\/uploads\/sites\/8\/2024\/08\/Alumnos-2-768x576.jpg 768w, https:\/\/redaccion1.fcpolit.unr.edu.ar\/comision-arrabal\/wp-content\/uploads\/sites\/8\/2024\/08\/Alumnos-2-1536x1152.jpg 1536w, https:\/\/redaccion1.fcpolit.unr.edu.ar\/comision-arrabal\/wp-content\/uploads\/sites\/8\/2024\/08\/Alumnos-2-2048x1536.jpg 2048w\" sizes=\"(max-width: 300px) 100vw, 300px\" \/><\/a>\n\t\t\t<\/div><\/figure>\n\t\t<\/div>\n\n<p>La pr\u00f3xima clase comenzaremos a ver los <a href=\"https:\/\/redaccion1.fcpolit.unr.edu.ar\/programa\/2020\/07\/29\/unidad-4-2-textos-conversacionales\/\">textos conversacionales<\/a> a partir de la siguiente bibliograf\u00eda:<\/p>\n<p>\u201c<a href=\"https:\/\/drive.google.com\/file\/d\/18bbDZQ3C6_MjLC9HcEOr40EZ-v_UMgg6\/view\" target=\"_blank\" rel=\"noopener\">Estilos para referir discursos period\u00edsticos<\/a>\u201d. Material de c\u00e1tedra.<\/p>\n<p><a href=\"https:\/\/drive.google.com\/file\/d\/18Z7u-7DaAUmmELXvlsucA6ObbamlHEKC\/view?usp=sharing\" target=\"_blank\" rel=\"noopener\">\u201cLas personas del discurso\u201d, <\/a>de Calsamiglia y Tus\u00f3n. P\u00e1ginas 133-156.<\/p>\n<p>\u201c<a href=\"https:\/\/www.eldiarioar.com\/blog\/gracias-por-venir-un-viaje-fugaz-por-las-cocinas-del-periodismo\/arte-desgrabar_132_8256219.html\" target=\"_blank\" rel=\"noopener\">El Arte de Desgrabar. Para quienes no tenemos el don de la buena memoria<\/a>\u201d, de Victoria De Masi<\/p>\n<p><a href=\"https:\/\/drive.google.com\/file\/d\/1GQU-O1yajKMMgKhHX3ZoDuqSbbbVaEkv\/view?usp=sharing\" target=\"_blank\" rel=\"noopener\">\u201cEl v\u00ednculo periodista-entrevistado\u201d y \u201cUn abordaje pr\u00e1ctico\u201d<\/a>, de Jorge Halper\u00edn. P\u00e1ginas 13-29<\/p>\n<p>&nbsp;<\/p>\n","protected":false},"excerpt":{"rendered":"<p>Recordando que el 24 de agosto fue el d\u00eda del lector por el natalicio de Jorge Luis Borges, le\u00edmos al comienzo de la clase &#8220;Juan L\u00f3pez y John Ward&#8221;. Luego despejamos algunas dudas sobre el Trabajo Pr\u00e1ctico Integrador 3 cuya fecha de entrega extendimos hasta el 30\/8. Comenzamos con el desarrollo de la Unidad 4 [&hellip;]<\/p>\n","protected":false},"author":44,"featured_media":0,"comment_status":"open","ping_status":"open","sticky":false,"template":"","format":"standard","meta":{"footnotes":""},"categories":[82,83],"tags":[],"_links":{"self":[{"href":"https:\/\/redaccion1.fcpolit.unr.edu.ar\/comision-arrabal\/wp-json\/wp\/v2\/posts\/5235"}],"collection":[{"href":"https:\/\/redaccion1.fcpolit.unr.edu.ar\/comision-arrabal\/wp-json\/wp\/v2\/posts"}],"about":[{"href":"https:\/\/redaccion1.fcpolit.unr.edu.ar\/comision-arrabal\/wp-json\/wp\/v2\/types\/post"}],"author":[{"embeddable":true,"href":"https:\/\/redaccion1.fcpolit.unr.edu.ar\/comision-arrabal\/wp-json\/wp\/v2\/users\/44"}],"replies":[{"embeddable":true,"href":"https:\/\/redaccion1.fcpolit.unr.edu.ar\/comision-arrabal\/wp-json\/wp\/v2\/comments?post=5235"}],"version-history":[{"count":9,"href":"https:\/\/redaccion1.fcpolit.unr.edu.ar\/comision-arrabal\/wp-json\/wp\/v2\/posts\/5235\/revisions"}],"predecessor-version":[{"id":5251,"href":"https:\/\/redaccion1.fcpolit.unr.edu.ar\/comision-arrabal\/wp-json\/wp\/v2\/posts\/5235\/revisions\/5251"}],"wp:attachment":[{"href":"https:\/\/redaccion1.fcpolit.unr.edu.ar\/comision-arrabal\/wp-json\/wp\/v2\/media?parent=5235"}],"wp:term":[{"taxonomy":"category","embeddable":true,"href":"https:\/\/redaccion1.fcpolit.unr.edu.ar\/comision-arrabal\/wp-json\/wp\/v2\/categories?post=5235"},{"taxonomy":"post_tag","embeddable":true,"href":"https:\/\/redaccion1.fcpolit.unr.edu.ar\/comision-arrabal\/wp-json\/wp\/v2\/tags?post=5235"}],"curies":[{"name":"wp","href":"https:\/\/api.w.org\/{rel}","templated":true}]}}