{"id":5231,"date":"2024-08-19T17:06:06","date_gmt":"2024-08-19T20:06:06","guid":{"rendered":"https:\/\/redaccion1.fcpolit.unr.edu.ar\/comision-arrabal\/?p=5231"},"modified":"2024-08-29T11:05:41","modified_gmt":"2024-08-29T14:05:41","slug":"clase-12-del-19-8","status":"publish","type":"post","link":"https:\/\/redaccion1.fcpolit.unr.edu.ar\/comision-arrabal\/2024\/08\/19\/clase-12-del-19-8\/","title":{"rendered":"Clase 12 del (19 de agosto)"},"content":{"rendered":"<p><img loading=\"lazy\" decoding=\"async\" class=\"alignleft size-medium wp-image-5233\" src=\"http:\/\/redaccion1.fcpolit.unr.edu.ar\/comision-arrabal\/wp-content\/uploads\/sites\/8\/2024\/08\/WhatsApp-Image-2024-08-19-at-17.14.42-300x300.jpeg\" alt=\"\" width=\"300\" height=\"300\" srcset=\"https:\/\/redaccion1.fcpolit.unr.edu.ar\/comision-arrabal\/wp-content\/uploads\/sites\/8\/2024\/08\/WhatsApp-Image-2024-08-19-at-17.14.42-300x300.jpeg 300w, https:\/\/redaccion1.fcpolit.unr.edu.ar\/comision-arrabal\/wp-content\/uploads\/sites\/8\/2024\/08\/WhatsApp-Image-2024-08-19-at-17.14.42-150x150.jpeg 150w, https:\/\/redaccion1.fcpolit.unr.edu.ar\/comision-arrabal\/wp-content\/uploads\/sites\/8\/2024\/08\/WhatsApp-Image-2024-08-19-at-17.14.42.jpeg 720w\" sizes=\"(max-width: 300px) 100vw, 300px\" \/>Hoy tuvimos la suerte de poder utilizar la sala de computadoras ya que Redacci\u00f3n 2 a\u00fan no comenz\u00f3 las clases. Comenzamos hablando acerca de la situaci\u00f3n de los docentes y no docentes de las Universidades P\u00fablicas del pa\u00eds en cuanto a los reclamos por un salario digno y las medidas de fuerza y de visibilizaci\u00f3n que se vienen desarrollando. Compartimos<a href=\"https:\/\/www.uba.ar\/ubanoticias\/noticias\/391\"> la campa\u00f1a audiovisual realizada por la Universidad de Buenos Aires.<\/a><\/p>\n<p>Le\u00edmos en voz alta algunos de los textos del <a href=\"https:\/\/redaccion1.fcpolit.unr.edu.ar\/comision-arrabal\/2024\/07\/01\/trabajo-practico-no2-50-anos-de-comunicacion\/\">Trabajo Pr\u00e1ctico N\u00b02 &#8220;50 a\u00f1os de comunicaci\u00f3n&#8221;<\/a>, aclaramos algunas dudas y repasamos las\u00a0 bases del <a href=\"https:\/\/redaccion1.fcpolit.unr.edu.ar\/blog\/2024\/06\/06\/concurso-de-escritura-para-estudiantes-de-redaccion\/\">Concurso <\/a>que est\u00e1 abierto <strong>hasta el 9 de septiembre<\/strong> para todos los alumnos que deseen participar. Las correcciones y devoluciones continuar\u00e1n haci\u00e9ndose durante esta semana.<\/p>\n<p>Luego retomamos los conceptos principales trabajados en la Unidad 3 y explicamos la consigna del <a href=\"https:\/\/redaccion1.fcpolit.unr.edu.ar\/programa\/2020\/07\/28\/trabajo-pactico-unidad-3-los-textos-y-sus-significados\/\">Trabajo Pr\u00e1ctico Integrador de la Unidad 3 &#8220;Los textos y sus significados&#8221;<\/a> cuya entrega debe hacerse por mail el<strong> 26\/8<\/strong><\/p>\n<p>Despu\u00e9s expusimos en que consiste la <a href=\"https:\/\/redaccion1.fcpolit.unr.edu.ar\/programa\/2020\/07\/29\/unidad-4-periodismo-y-generos-discursivos\/\">Unidad 4 &#8220;Periodismo y g\u00e9neros discursivos&#8221;<\/a> en la que estudiaremos cuatro tipos de textos:<\/p>\n<ol>\n<li>Expositivos y explicativos.<\/li>\n<li>Conversacionales.<\/li>\n<li>Narrativos.<\/li>\n<li>Argumentativos.<\/li>\n<\/ol>\n<p>La clase pr\u00f3xima compartiremos los trabajos y experiencias en torno al Trabajo Final de esta materia por parte de alumnos de segundo a\u00f1o. Y empezaremos a desarrollar la primera parte de esta <a href=\"https:\/\/redaccion1.fcpolit.unr.edu.ar\/programa\/2020\/07\/29\/unidad-4-1-generos-expositivos-y-explicativos\/\">Unidad 4.1 Textos Expositivos y Explicativos.<\/a><\/p>\n<p><strong>Textos para leer:<\/strong><\/p>\n<p><a href=\"https:\/\/drive.google.com\/file\/d\/1pewNy1x2bg0R5-i4XE0qaxenV2-C3i30\/view?usp=sharing\" target=\"_blank\" rel=\"noopener\">\u201cLos g\u00e9neros discursivos y las secuencias textuales\u201d<\/a>,\u00a0<a href=\"https:\/\/drive.google.com\/file\/d\/1DyzlGEg9rp-RKqMCIsuHypHvJUUu_qCw\/view?usp=sharing\" target=\"_blank\" rel=\"noopener\">\u201cLos g\u00e9neros en la teor\u00eda bajtiana\u201d<\/a>,\u00a0<a href=\"https:\/\/drive.google.com\/file\/d\/1UpD_8WtgxVYD6MdwdN_4C5XqKKcZlSiq\/view?usp=sharing\" target=\"_blank\" rel=\"noopener\">\u201cEl concepto de secuencia\u201d<\/a>. P\u00e1ginas 251-252, 257-259, 265-267, de Calsamiglia y Tus\u00f3n<\/p>\n<p><a href=\"https:\/\/drive.google.com\/file\/d\/1OsXNNseQk-Nq4AhS34-PUNKNzre1IRyA\/view?usp=sharing\" target=\"_blank\" rel=\"noopener\">\u201cExplorar el universo del discurso\u201d, <\/a>de Anal\u00eda Reale<\/p>\n<p>\u201c<a href=\"https:\/\/drive.google.com\/file\/d\/1n_PIE52Odz3FUnmlGzcIyIMQoZo-Y6qI\/view\" target=\"_blank\" rel=\"noopener\">El uso de hip\u00f3tesis: el n\u00facleo del m\u00e9todo de investigaci\u00f3n<\/a>\u201d. P\u00e1ginas 13-26, de Hunter, Mark; Sengers, Luuk; Thordsen, Pia.<\/p>\n<p><a href=\"https:\/\/drive.google.com\/file\/d\/1VsnEJvvR21j59DLmWkh0H4NOZdmi9bIy\/view?usp=sharing\" target=\"_blank\" rel=\"noopener\">\u201cRedacci\u00f3n\u201d, \u00a0<\/a>de Gerardo Reyes<\/p>\n<p><a href=\"https:\/\/drive.google.com\/file\/d\/1JUH0RSHtzSnNWpSV7sAVzPJOlxN5-OY8\/view?usp=sharing\" target=\"_blank\" rel=\"noopener\">\u201cC\u00f3mo hacer periodismo de investigaci\u00f3n, paso por paso\u201d, <\/a>de Rojas Delgado, Daniel<\/p>\n<p><a href=\"https:\/\/drive.google.com\/file\/d\/1vxtkHc_ZmTVcwUAUXePjmmIq7P8hAoDl\/view?usp=sharing\" target=\"_blank\" rel=\"noopener\">\u201cModelo del texto expositivo. <\/a>P\u00e1ginas367-375, de S\u00e1nchez Lobato, Jes\u00fas.<\/p>\n<p>Todos tienen sus correspondientes <a href=\"https:\/\/redaccion1.fcpolit.unr.edu.ar\/programa\/2020\/07\/29\/guias-de-lectura-de-la-bibliografia-de-la-unidad-4-1-textos-expositivos\/\">Gu\u00edas de Lectura<\/a><\/p>\n","protected":false},"excerpt":{"rendered":"<p>Hoy tuvimos la suerte de poder utilizar la sala de computadoras ya que Redacci\u00f3n 2 a\u00fan no comenz\u00f3 las clases. Comenzamos hablando acerca de la situaci\u00f3n de los docentes y no docentes de las Universidades P\u00fablicas del pa\u00eds en cuanto a los reclamos por un salario digno y las medidas de fuerza y de visibilizaci\u00f3n [&hellip;]<\/p>\n","protected":false},"author":44,"featured_media":0,"comment_status":"open","ping_status":"open","sticky":false,"template":"","format":"standard","meta":{"footnotes":""},"categories":[82,83],"tags":[],"_links":{"self":[{"href":"https:\/\/redaccion1.fcpolit.unr.edu.ar\/comision-arrabal\/wp-json\/wp\/v2\/posts\/5231"}],"collection":[{"href":"https:\/\/redaccion1.fcpolit.unr.edu.ar\/comision-arrabal\/wp-json\/wp\/v2\/posts"}],"about":[{"href":"https:\/\/redaccion1.fcpolit.unr.edu.ar\/comision-arrabal\/wp-json\/wp\/v2\/types\/post"}],"author":[{"embeddable":true,"href":"https:\/\/redaccion1.fcpolit.unr.edu.ar\/comision-arrabal\/wp-json\/wp\/v2\/users\/44"}],"replies":[{"embeddable":true,"href":"https:\/\/redaccion1.fcpolit.unr.edu.ar\/comision-arrabal\/wp-json\/wp\/v2\/comments?post=5231"}],"version-history":[{"count":3,"href":"https:\/\/redaccion1.fcpolit.unr.edu.ar\/comision-arrabal\/wp-json\/wp\/v2\/posts\/5231\/revisions"}],"predecessor-version":[{"id":5252,"href":"https:\/\/redaccion1.fcpolit.unr.edu.ar\/comision-arrabal\/wp-json\/wp\/v2\/posts\/5231\/revisions\/5252"}],"wp:attachment":[{"href":"https:\/\/redaccion1.fcpolit.unr.edu.ar\/comision-arrabal\/wp-json\/wp\/v2\/media?parent=5231"}],"wp:term":[{"taxonomy":"category","embeddable":true,"href":"https:\/\/redaccion1.fcpolit.unr.edu.ar\/comision-arrabal\/wp-json\/wp\/v2\/categories?post=5231"},{"taxonomy":"post_tag","embeddable":true,"href":"https:\/\/redaccion1.fcpolit.unr.edu.ar\/comision-arrabal\/wp-json\/wp\/v2\/tags?post=5231"}],"curies":[{"name":"wp","href":"https:\/\/api.w.org\/{rel}","templated":true}]}}