{"id":5203,"date":"2024-07-01T11:21:06","date_gmt":"2024-07-01T14:21:06","guid":{"rendered":"https:\/\/redaccion1.fcpolit.unr.edu.ar\/comision-arrabal\/?p=5203"},"modified":"2024-07-02T09:27:35","modified_gmt":"2024-07-02T12:27:35","slug":"trabajo-practico-no2-50-anos-de-comunicacion","status":"publish","type":"post","link":"https:\/\/redaccion1.fcpolit.unr.edu.ar\/comision-arrabal\/2024\/07\/01\/trabajo-practico-no2-50-anos-de-comunicacion\/","title":{"rendered":"Trabajo Pr\u00e1ctico N\u00ba2 &#8220;50 a\u00f1os de comunicaci\u00f3n&#8221;"},"content":{"rendered":"<p>Este trabajo se enmarca en la celebraci\u00f3n de los 50 a\u00f1os de la carrera de Comunicaci\u00f3n Social y puede presentarse al\u00a0 <a href=\"https:\/\/redaccion1.fcpolit.unr.edu.ar\/blog\/2024\/06\/06\/concurso-de-escritura-para-estudiantes-de-redaccion\/\">I Concurso de Escritura para estudiantes unviersitarios Profesora Ana Mar\u00eda Margatit 2024.\u00a0<\/a>Se puede presentar un perfil, un relato o los dos tipos textos.<\/p>\n<p>1) Elegir el perfil que puede ser de un profesor o profesora de la carrera, no docente u otros personajes allegados, actualmente en funciones o no. O bien, elegir el relato de un momento clave en la historia de la carrera.<\/p>\n<p><strong>Respecto del perfil biogr\u00e1fico<\/strong>, se podr\u00e1 recurrir a testimonios tanto del propio protagonista \u2014cuando eso sea posible\u2014 como tambi\u00e9n de colegas, exalumnos y exalumnas, personal no docente de la facultad que puedan brindar datos, narrar an\u00e9cdotas, recuerdos, expresar el significado que dicha persona tuvo para la escuela, etc. Asimismo, se podr\u00e1n consultar fuentes documentales.<\/p>\n<p><strong>En cuanto a los relatos<\/strong>\u00a0sobre un momento clave de la historia de la carrera podr\u00e1n trabajar en la construcci\u00f3n de acontecimientos con el formato de cr\u00f3nica, en todas sus variantes, o en otro texto de car\u00e1cter no ficcional. En este caso, tambi\u00e9n se sugiere la utilizaci\u00f3n de fuentes testimoniales as\u00ed como documentales.<\/p>\n<p>A modo de orientaci\u00f3n, se mencionan acontecimientos como la creaci\u00f3n de la carrera en la Universidad Cat\u00f3lica, su cierre y pase a la Universidad P\u00fablica, el traslado de la Facultad de Humanidades y Artes a la Facultad de Derecho, el rearmado de la carrera en el retorno a la Democracia, la mudanza al predio del CUR, los debates por el cambio de Plan de Estudio en los a\u00f1os \u201890 y la creaci\u00f3n del profesorado en Comunicaci\u00f3n Educativa.<\/p>\n<p>2) Redactar los textos con una extensi\u00f3n de 500 palabras como m\u00ednimo y 1000 como m\u00e1ximo. Colocar t\u00edtulo y bajada.<\/p>\n<p><strong>Ayuda:<\/strong> En el drive <a href=\"https:\/\/drive.google.com\/drive\/u\/3\/folders\/1lrFJafDVCSTmJLhX0ImeMHT7ZVlEotvW\">50 a\u00f1os de Comunicaci\u00f3n<\/a>, hay materiales recolectados sobre la carrera y textos de ejemplos. Cualquier duda, pueden consultar por mail.<\/p>\n<p><strong>Fecha de presentaci\u00f3n: 12\/8 al mail de la docente<\/strong><\/p>\n","protected":false},"excerpt":{"rendered":"<p>Este trabajo se enmarca en la celebraci\u00f3n de los 50 a\u00f1os de la carrera de Comunicaci\u00f3n Social y puede presentarse al\u00a0 I Concurso de Escritura para estudiantes unviersitarios Profesora Ana Mar\u00eda Margatit 2024.\u00a0Se puede presentar un perfil, un relato o los dos tipos textos. 1) Elegir el perfil que puede ser de un profesor o [&hellip;]<\/p>\n","protected":false},"author":44,"featured_media":0,"comment_status":"open","ping_status":"open","sticky":false,"template":"","format":"standard","meta":{"footnotes":""},"categories":[82,85],"tags":[],"_links":{"self":[{"href":"https:\/\/redaccion1.fcpolit.unr.edu.ar\/comision-arrabal\/wp-json\/wp\/v2\/posts\/5203"}],"collection":[{"href":"https:\/\/redaccion1.fcpolit.unr.edu.ar\/comision-arrabal\/wp-json\/wp\/v2\/posts"}],"about":[{"href":"https:\/\/redaccion1.fcpolit.unr.edu.ar\/comision-arrabal\/wp-json\/wp\/v2\/types\/post"}],"author":[{"embeddable":true,"href":"https:\/\/redaccion1.fcpolit.unr.edu.ar\/comision-arrabal\/wp-json\/wp\/v2\/users\/44"}],"replies":[{"embeddable":true,"href":"https:\/\/redaccion1.fcpolit.unr.edu.ar\/comision-arrabal\/wp-json\/wp\/v2\/comments?post=5203"}],"version-history":[{"count":4,"href":"https:\/\/redaccion1.fcpolit.unr.edu.ar\/comision-arrabal\/wp-json\/wp\/v2\/posts\/5203\/revisions"}],"predecessor-version":[{"id":5215,"href":"https:\/\/redaccion1.fcpolit.unr.edu.ar\/comision-arrabal\/wp-json\/wp\/v2\/posts\/5203\/revisions\/5215"}],"wp:attachment":[{"href":"https:\/\/redaccion1.fcpolit.unr.edu.ar\/comision-arrabal\/wp-json\/wp\/v2\/media?parent=5203"}],"wp:term":[{"taxonomy":"category","embeddable":true,"href":"https:\/\/redaccion1.fcpolit.unr.edu.ar\/comision-arrabal\/wp-json\/wp\/v2\/categories?post=5203"},{"taxonomy":"post_tag","embeddable":true,"href":"https:\/\/redaccion1.fcpolit.unr.edu.ar\/comision-arrabal\/wp-json\/wp\/v2\/tags?post=5203"}],"curies":[{"name":"wp","href":"https:\/\/api.w.org\/{rel}","templated":true}]}}