{"id":5101,"date":"2024-05-13T13:19:27","date_gmt":"2024-05-13T16:19:27","guid":{"rendered":"https:\/\/redaccion1.fcpolit.unr.edu.ar\/comision-arrabal\/?p=5101"},"modified":"2024-05-13T16:38:44","modified_gmt":"2024-05-13T19:38:44","slug":"clase-5-13-de-mayo","status":"publish","type":"post","link":"https:\/\/redaccion1.fcpolit.unr.edu.ar\/comision-arrabal\/2024\/05\/13\/clase-5-13-de-mayo\/","title":{"rendered":"Clase 5 (13 de mayo)"},"content":{"rendered":"<p>En la primera parte de la clase, dentro de las lecturas por placer, compartimos el pr\u00f3logo de Reynaldo Sietecase &#8220;Se puede hacer bien&#8221; del libro &#8220;Periodismo, instrucciones de uso&#8221;. En la Comisi\u00f3n 1 Diego Gonz\u00e1lez ley\u00f3 el Poema 5 de &#8220;Veinte poemas de amor y una canci\u00f3n desesperada&#8221; de Pablo Neruda. En la Comisi\u00f3n 2 Francisco Luj\u00e1n ley\u00f3 la contratapa de &#8220;Leviat\u00e1n&#8221; de Paul Aster y Lourdes Garc\u00eda trajo el libro &#8220;Editando sue\u00f1os&#8221; que contiene un texto de su autor\u00eda llamado &#8220;Fraude&#8221;.<\/p>\n<p><!--more--><\/p>\n<p><img loading=\"lazy\" decoding=\"async\" class=\"alignleft size-medium wp-image-5105\" src=\"http:\/\/redaccion1.fcpolit.unr.edu.ar\/comision-arrabal\/wp-content\/uploads\/sites\/8\/2024\/05\/Periodismo-instrucciones-de-uso-tapa-scaled-1-300x176.webp\" alt=\"\" width=\"300\" height=\"176\" srcset=\"https:\/\/redaccion1.fcpolit.unr.edu.ar\/comision-arrabal\/wp-content\/uploads\/sites\/8\/2024\/05\/Periodismo-instrucciones-de-uso-tapa-scaled-1-300x176.webp 300w, https:\/\/redaccion1.fcpolit.unr.edu.ar\/comision-arrabal\/wp-content\/uploads\/sites\/8\/2024\/05\/Periodismo-instrucciones-de-uso-tapa-scaled-1.webp 617w\" sizes=\"(max-width: 300px) 100vw, 300px\" \/><\/p>\n<p>Despejamos dudas sobre el primer trabajo pr\u00e1ctico integrador de la materia cuya fecha de entrega es el <strong>martes 14 de mayo<\/strong> y luego comenzamos a desarrollar el tema &#8220;fuentes de informaci\u00f3n&#8221;. Acordamos que el<span style=\"font-weight: 400\"> valor de la informaci\u00f3n en cada medio est\u00e1 dado por dos aspectos: la selecci\u00f3n de fuentes y la elecci\u00f3n de los aspectos formales de la informaci\u00f3n. Y que la potencia de un peri\u00f3dico se pone de manifiesto en el n\u00famero, la calidad y el pluralismo de sus fuentes. <\/span><span style=\"font-weight: 400\">Estas pueden ser personas, instituciones y organismos que facilitan la informaci\u00f3n que necesitan los medios para armar las noticias. Hay de dos tipos: las que busca el medio a trav\u00e9s de sus contactos y la que recibe a partir de la iniciativa de distintos sectores interesados.<\/span><\/p>\n<p>Despu\u00e9s analizamos las clasificaciones de fuentes de informaci\u00f3n que hacen Mar de Fontcuberta y Pepe Rodriguez. Planteamos la realizaci\u00f3n del <a href=\"https:\/\/redaccion1.fcpolit.unr.edu.ar\/comision-arrabal\/2024\/05\/13\/taller-de-lectura-4-fuentes-de-informacion-2\/\">Taller de Lectura 4 &#8220;Fuentes de informaci\u00f3n&#8221;<\/a> y expusimos las conclusiones en forma grupal.<\/p>\n<p>La pr\u00f3xima clase daremos comienzo a la <a href=\"https:\/\/redaccion1.fcpolit.unr.edu.ar\/programa\/2020\/03\/09\/redactar-para-el-lector\/\">Undiad 2 &#8220;Redactar para el lector&#8221;, <\/a>espec\u00edficamente con la siguiente bibliograf\u00eca:<\/p>\n<p><a href=\"https:\/\/drive.google.com\/file\/d\/1w-Ai8nouvktOkZXyoFj18sWiMjDx0QcL\/view\">Tras las l\u00edneas. Sobre la lectura contempor\u00e1nea<\/a>, de Daniel Cassany.<\/p>\n<p><a href=\"https:\/\/drive.google.com\/file\/d\/1TexRMThPbtmXkkk8sY6gNpI5ly56NFi1\/view\">El proceso de lectura, una actividad con facetas diversas,<\/a>\u00a0de Claudia Mazza.<\/p>\n<p><a href=\"https:\/\/drive.google.com\/file\/d\/1hh4EvvD5Wl6-4Qa5GKg2qBy6xuHyUy1J\/view\">La influencia de los soportes textuales en las pr\u00e1cticas de lectura<\/a>, de Cecilia Reviglio.<\/p>\n<p><a href=\"https:\/\/drive.google.com\/file\/d\/1qL1x23c1ntV9NOIXGO2t9z6TtJNq8X-I\/view\">Entonces, qu\u00e9 es leer<\/a>\u00a0de N\u00e9stor Garc\u00eda Canclini<\/p>\n<p>Todos poseen sus respectivas\u00a0<a href=\"https:\/\/redaccion1.fcpolit.unr.edu.ar\/programa\/2020\/03\/09\/guias-de-lectura-de-la-bibliografia-de-la-unidad-2\/\">Gu\u00edas de Lectura.<\/a><\/p>\n","protected":false},"excerpt":{"rendered":"<p>En la primera parte de la clase, dentro de las lecturas por placer, compartimos el pr\u00f3logo de Reynaldo Sietecase &#8220;Se puede hacer bien&#8221; del libro &#8220;Periodismo, instrucciones de uso&#8221;. En la Comisi\u00f3n 1 Diego Gonz\u00e1lez ley\u00f3 el Poema 5 de &#8220;Veinte poemas de amor y una canci\u00f3n desesperada&#8221; de Pablo Neruda. En la Comisi\u00f3n 2 [&hellip;]<\/p>\n","protected":false},"author":44,"featured_media":0,"comment_status":"open","ping_status":"open","sticky":false,"template":"","format":"standard","meta":{"footnotes":""},"categories":[82,83],"tags":[],"_links":{"self":[{"href":"https:\/\/redaccion1.fcpolit.unr.edu.ar\/comision-arrabal\/wp-json\/wp\/v2\/posts\/5101"}],"collection":[{"href":"https:\/\/redaccion1.fcpolit.unr.edu.ar\/comision-arrabal\/wp-json\/wp\/v2\/posts"}],"about":[{"href":"https:\/\/redaccion1.fcpolit.unr.edu.ar\/comision-arrabal\/wp-json\/wp\/v2\/types\/post"}],"author":[{"embeddable":true,"href":"https:\/\/redaccion1.fcpolit.unr.edu.ar\/comision-arrabal\/wp-json\/wp\/v2\/users\/44"}],"replies":[{"embeddable":true,"href":"https:\/\/redaccion1.fcpolit.unr.edu.ar\/comision-arrabal\/wp-json\/wp\/v2\/comments?post=5101"}],"version-history":[{"count":6,"href":"https:\/\/redaccion1.fcpolit.unr.edu.ar\/comision-arrabal\/wp-json\/wp\/v2\/posts\/5101\/revisions"}],"predecessor-version":[{"id":5110,"href":"https:\/\/redaccion1.fcpolit.unr.edu.ar\/comision-arrabal\/wp-json\/wp\/v2\/posts\/5101\/revisions\/5110"}],"wp:attachment":[{"href":"https:\/\/redaccion1.fcpolit.unr.edu.ar\/comision-arrabal\/wp-json\/wp\/v2\/media?parent=5101"}],"wp:term":[{"taxonomy":"category","embeddable":true,"href":"https:\/\/redaccion1.fcpolit.unr.edu.ar\/comision-arrabal\/wp-json\/wp\/v2\/categories?post=5101"},{"taxonomy":"post_tag","embeddable":true,"href":"https:\/\/redaccion1.fcpolit.unr.edu.ar\/comision-arrabal\/wp-json\/wp\/v2\/tags?post=5101"}],"curies":[{"name":"wp","href":"https:\/\/api.w.org\/{rel}","templated":true}]}}