{"id":493,"date":"2010-09-30T17:26:48","date_gmt":"2010-09-30T17:26:48","guid":{"rendered":"http:\/\/fcpolit.unr.edu.ar\/blogs\/redaccion1-arrabal\/2010\/09\/30\/el-unico-futuro-que-tienen-los-diarios-es-el-de-contar-historias\/"},"modified":"2010-09-30T17:26:48","modified_gmt":"2010-09-30T17:26:48","slug":"el-unico-futuro-que-tienen-los-diarios-es-el-de-contar-historias","status":"publish","type":"post","link":"https:\/\/redaccion1.fcpolit.unr.edu.ar\/comision-arrabal\/2010\/09\/30\/el-unico-futuro-que-tienen-los-diarios-es-el-de-contar-historias\/","title":{"rendered":"&quot;El \u00fanico futuro que tienen los diarios es el de contar historias&quot;"},"content":{"rendered":"<p><img decoding=\"async\" alt=\"meneses.jpg\" src=\"http:\/\/www.bdp.org.ar\/facultad\/catedras\/comsoc\/redaccion1\/arrabal\/meneses.jpg\" width=\"200\" \/><br \/>\nLa opini\u00f3n es del periodista Juan Pablo Meneses en una entrevista realizada por el blog Cr\u00f3nica Z. Muy interesante para analizar el entrecruzamiento entre g\u00e9neros informativos y narrativos, planteado como un desaf\u00edo para la prensa gr\u00e1fica en este nuevo escenario de revoluci\u00f3n digital de los medios.<\/p>\n<p><!--more--><br \/>\nEnlace a la entrevista:  <a href=\"http:\/\/www.youtube.com\/watch?v=uGOU7GWyWq8\">&#8220;El \u00fanico futuro que tienen los diarios es el de contar historias&#8221;<br \/>\n<\/a><\/p>\n","protected":false},"excerpt":{"rendered":"<p>La opini\u00f3n es del periodista Juan Pablo Meneses en una entrevista realizada por el blog Cr\u00f3nica Z. Muy interesante para analizar el entrecruzamiento entre g\u00e9neros informativos y narrativos, planteado como un desaf\u00edo para la prensa gr\u00e1fica en este nuevo escenario de revoluci\u00f3n digital de los medios.<\/p>\n","protected":false},"author":40,"featured_media":0,"comment_status":"open","ping_status":"closed","sticky":false,"template":"","format":"standard","meta":{"footnotes":""},"categories":[10],"tags":[],"_links":{"self":[{"href":"https:\/\/redaccion1.fcpolit.unr.edu.ar\/comision-arrabal\/wp-json\/wp\/v2\/posts\/493"}],"collection":[{"href":"https:\/\/redaccion1.fcpolit.unr.edu.ar\/comision-arrabal\/wp-json\/wp\/v2\/posts"}],"about":[{"href":"https:\/\/redaccion1.fcpolit.unr.edu.ar\/comision-arrabal\/wp-json\/wp\/v2\/types\/post"}],"author":[{"embeddable":true,"href":"https:\/\/redaccion1.fcpolit.unr.edu.ar\/comision-arrabal\/wp-json\/wp\/v2\/users\/40"}],"replies":[{"embeddable":true,"href":"https:\/\/redaccion1.fcpolit.unr.edu.ar\/comision-arrabal\/wp-json\/wp\/v2\/comments?post=493"}],"version-history":[{"count":0,"href":"https:\/\/redaccion1.fcpolit.unr.edu.ar\/comision-arrabal\/wp-json\/wp\/v2\/posts\/493\/revisions"}],"wp:attachment":[{"href":"https:\/\/redaccion1.fcpolit.unr.edu.ar\/comision-arrabal\/wp-json\/wp\/v2\/media?parent=493"}],"wp:term":[{"taxonomy":"category","embeddable":true,"href":"https:\/\/redaccion1.fcpolit.unr.edu.ar\/comision-arrabal\/wp-json\/wp\/v2\/categories?post=493"},{"taxonomy":"post_tag","embeddable":true,"href":"https:\/\/redaccion1.fcpolit.unr.edu.ar\/comision-arrabal\/wp-json\/wp\/v2\/tags?post=493"}],"curies":[{"name":"wp","href":"https:\/\/api.w.org\/{rel}","templated":true}]}}