{"id":452,"date":"2010-04-09T16:42:26","date_gmt":"2010-04-09T16:42:26","guid":{"rendered":"http:\/\/fcpolit.unr.edu.ar\/blogs\/redaccion1-arrabal\/2010\/04\/09\/trabajo-no-1-presentacion\/"},"modified":"2010-04-09T16:42:26","modified_gmt":"2010-04-09T16:42:26","slug":"trabajo-no-1-presentacion","status":"publish","type":"post","link":"https:\/\/redaccion1.fcpolit.unr.edu.ar\/comision-arrabal\/2010\/04\/09\/trabajo-no-1-presentacion\/","title":{"rendered":"Trabajo N\u00ba 1 &quot;Presentaci\u00f3n&quot;"},"content":{"rendered":"<p><img decoding=\"async\" alt=\"van_gogh_bandaged.jpg\" src=\"http:\/\/www.bdp.org.ar\/facultad\/catedras\/comsoc\/redaccion1\/arrabal\/van_gogh_bandaged.jpg\" width=\"150\" \/><br \/>\nEste trabajo pr\u00e1ctico consiste en redactar un texto en el que se presenten. Pueden contar por qu\u00e9 eligieron la carrera, qu\u00e9 expectativas tienen con respecto a esta materia, de qu\u00e9 ciudad son, qu\u00e9 gustos tienen, caracter\u00edsticas de su personalidad, hobbies y todo aquello que consideren importante describir acerca de ustedes mismos.<\/p>\n<p><!--more--><br \/>\nEl texto debe presentar el encabezado que usaremos en todos los trabajos. El mismo debe indicar: <strong>Nombre y Apellido, Redaccion 1, Comisi\u00f3n 9, Trabajo Pr\u00e1ctico N\u00ba 1: &#8220;Presentaci\u00f3n&#8221; y Fecha.<\/strong><br \/>\nLa letra sugerida es Arial 12, interlineado normal y la extensi\u00f3n del texto es libre. Lo pueden enviar a mi correo electr\u00f3nico vicarrabal@hotmail.com en documento de word adjunto o entregarlo impreso en la clase. <strong>Fecha l\u00edmite de presentaci\u00f3n: 16\/4<\/strong><\/p>\n","protected":false},"excerpt":{"rendered":"<p>Este trabajo pr\u00e1ctico consiste en redactar un texto en el que se presenten. Pueden contar por qu\u00e9 eligieron la carrera, qu\u00e9 expectativas tienen con respecto a esta materia, de qu\u00e9 ciudad son, qu\u00e9 gustos tienen, caracter\u00edsticas de su personalidad, hobbies y todo aquello que consideren importante describir acerca de ustedes mismos.<\/p>\n","protected":false},"author":40,"featured_media":0,"comment_status":"open","ping_status":"closed","sticky":false,"template":"","format":"standard","meta":{"footnotes":""},"categories":[4],"tags":[],"_links":{"self":[{"href":"https:\/\/redaccion1.fcpolit.unr.edu.ar\/comision-arrabal\/wp-json\/wp\/v2\/posts\/452"}],"collection":[{"href":"https:\/\/redaccion1.fcpolit.unr.edu.ar\/comision-arrabal\/wp-json\/wp\/v2\/posts"}],"about":[{"href":"https:\/\/redaccion1.fcpolit.unr.edu.ar\/comision-arrabal\/wp-json\/wp\/v2\/types\/post"}],"author":[{"embeddable":true,"href":"https:\/\/redaccion1.fcpolit.unr.edu.ar\/comision-arrabal\/wp-json\/wp\/v2\/users\/40"}],"replies":[{"embeddable":true,"href":"https:\/\/redaccion1.fcpolit.unr.edu.ar\/comision-arrabal\/wp-json\/wp\/v2\/comments?post=452"}],"version-history":[{"count":0,"href":"https:\/\/redaccion1.fcpolit.unr.edu.ar\/comision-arrabal\/wp-json\/wp\/v2\/posts\/452\/revisions"}],"wp:attachment":[{"href":"https:\/\/redaccion1.fcpolit.unr.edu.ar\/comision-arrabal\/wp-json\/wp\/v2\/media?parent=452"}],"wp:term":[{"taxonomy":"category","embeddable":true,"href":"https:\/\/redaccion1.fcpolit.unr.edu.ar\/comision-arrabal\/wp-json\/wp\/v2\/categories?post=452"},{"taxonomy":"post_tag","embeddable":true,"href":"https:\/\/redaccion1.fcpolit.unr.edu.ar\/comision-arrabal\/wp-json\/wp\/v2\/tags?post=452"}],"curies":[{"name":"wp","href":"https:\/\/api.w.org\/{rel}","templated":true}]}}