{"id":411,"date":"2009-06-30T12:11:52","date_gmt":"2009-06-30T12:11:52","guid":{"rendered":"http:\/\/fcpolit.unr.edu.ar\/blogs\/redaccion1-arrabal\/2009\/06\/30\/tareas-para-el-receso\/"},"modified":"2009-06-30T12:11:52","modified_gmt":"2009-06-30T12:11:52","slug":"tareas-para-el-receso","status":"publish","type":"post","link":"https:\/\/redaccion1.fcpolit.unr.edu.ar\/comision-arrabal\/2009\/06\/30\/tareas-para-el-receso\/","title":{"rendered":"Tareas para el receso"},"content":{"rendered":"<p><img decoding=\"async\" alt=\"entre.jpg\" src=\"http:\/\/www.bdp.org.ar\/facultad\/catedras\/comsoc\/redaccion1\/arrabal\/entre.jpg\" width=\"100\" \/><br \/>\nA continuaci\u00f3n detallo los dos trabajos pr\u00e1cticos que deben hacer durante el per\u00edodo de receso, adem\u00e1s de la lectura de las Unidades <a href=\"http:\/\/www.bdp.org.ar\/facultad\/catedras\/comsoc\/redaccion1\/unidades\/unidad_v\/textos_base_u5\/\">Cinco<\/a> y <a href=\"http:\/\/www.bdp.org.ar\/facultad\/catedras\/comsoc\/redaccion1\/unidades\/unidad_iii\/textos_base_u3\/\">Tres<\/a>. El segundo cuatrimestre comienza el 3 de septiembre para la Comisi\u00f3n 8 y el 31 de agosto para la Comisi\u00f3n 1.<\/p>\n<p><!--more--><br \/>\n<strong>Trabajo pr\u00e1ctico Entrevista<\/strong><br \/>\n1) LA PREVIA<br \/>\na) Indicar a qui\u00e9n se realizar\u00e1 una entrevista y sobre qu\u00e9 tema. Explicar cu\u00e1les fueron las motivaciones para tal elecci\u00f3n.<br \/>\nb) Hacer un listado de los materiales recolectados sobre el tema o personaje a entrevistar que conformar\u00e1n &#8220;la retaguardia&#8221;.<br \/>\nc) Redactar diez preguntas para la entrevista y formularse un objetivo.<br \/>\nd) Contar c\u00f3mo se realiz\u00f3 el contacto con el entrevistado, cantidad de llamados, si surgieron dificultades, etc\u2026<br \/>\n2) EL ENCUENTRO<br \/>\na) Relatar caracter\u00edsticas del encuentro (lugar, duraci\u00f3n de la entrevista, preguntas que se pudieron hacer y que no, otras preguntas que surgieron de la charla, actitud y respuestas del entrevistado, concisas o desarrolladas, medios que se utilizaron para grabar, tomar nota, etc\u2026)<br \/>\n3) LA PRODUCCION<br \/>\na) Desgrabar la entrevista completa.<br \/>\nb) Seleccionar las partes que se utilizar\u00e1n.<br \/>\nc) Redactar la entrevista en formato pregunta-respuesta con un encabezado. Colocar titular. Indicar en qu\u00e9 medio podr\u00eda publicarse y a qu\u00e9 audiencia se dirige.<br \/>\nd) La Comsii\u00f3n 1 deber\u00e1 publicar la entrevista en su p\u00e1gina del wiki y la Comisi\u00f3n 8 en la secci\u00f3n correspondiente de Blog Populi. Fecha l\u00edmite para publicar: 14 de agosto.<br \/>\n4) Presentar todo impreso el primer d\u00eda de clase del segundo cuatrimestre.<br \/>\nAlternativo: aquellos que tengan los medios, pueden agregar alguna fotograf\u00eda del entrevistado.<br \/>\nEs FUNDAMENTAL antes de hacer este trabajo leer la <a href=\"http:\/\/www.bdp.org.ar\/facultad\/catedras\/comsoc\/redaccion1\/unidades\/unidad_v\/textos_base_u5\/\">Unidad Cinco,<\/a> especialmente la <a href=\"http:\/\/www.bdp.org.ar\/facultad\/catedras\/comsoc\/redaccion1\/unidades\/2008\/03\/la_entrevista_periodistica.php\">Entrevista Period\u00edstica.<\/a><br \/>\n<strong>Trabajo Pr\u00e1ctico Noticia Propia<br \/>\n<\/strong><br \/>\n-Teniendo en cuenta la entrevista realizada en el trabajo anterior y todo el material recolectado e investigado sobre el tema, redactar un texto informativo con enunciados referidos (estilo directo, indirecto, h\u00edbirdo)<br \/>\n-Colocar un cuerpo de titulares<br \/>\n-Indicar en qu\u00e9 medio podr\u00eda publicarse, a qu\u00e9 audiencia va dirigido y cu\u00e1l es la meta del mismo.<br \/>\n-Entregar este trabajo impreso el primer d\u00eda de clase del segundo cuatrimestre.<\/p>\n","protected":false},"excerpt":{"rendered":"<p>A continuaci\u00f3n detallo los dos trabajos pr\u00e1cticos que deben hacer durante el per\u00edodo de receso, adem\u00e1s de la lectura de las Unidades Cinco y Tres. El segundo cuatrimestre comienza el 3 de septiembre para la Comisi\u00f3n 8 y el 31 de agosto para la Comisi\u00f3n 1.<\/p>\n","protected":false},"author":40,"featured_media":0,"comment_status":"open","ping_status":"closed","sticky":false,"template":"","format":"standard","meta":{"footnotes":""},"categories":[13,4],"tags":[],"_links":{"self":[{"href":"https:\/\/redaccion1.fcpolit.unr.edu.ar\/comision-arrabal\/wp-json\/wp\/v2\/posts\/411"}],"collection":[{"href":"https:\/\/redaccion1.fcpolit.unr.edu.ar\/comision-arrabal\/wp-json\/wp\/v2\/posts"}],"about":[{"href":"https:\/\/redaccion1.fcpolit.unr.edu.ar\/comision-arrabal\/wp-json\/wp\/v2\/types\/post"}],"author":[{"embeddable":true,"href":"https:\/\/redaccion1.fcpolit.unr.edu.ar\/comision-arrabal\/wp-json\/wp\/v2\/users\/40"}],"replies":[{"embeddable":true,"href":"https:\/\/redaccion1.fcpolit.unr.edu.ar\/comision-arrabal\/wp-json\/wp\/v2\/comments?post=411"}],"version-history":[{"count":0,"href":"https:\/\/redaccion1.fcpolit.unr.edu.ar\/comision-arrabal\/wp-json\/wp\/v2\/posts\/411\/revisions"}],"wp:attachment":[{"href":"https:\/\/redaccion1.fcpolit.unr.edu.ar\/comision-arrabal\/wp-json\/wp\/v2\/media?parent=411"}],"wp:term":[{"taxonomy":"category","embeddable":true,"href":"https:\/\/redaccion1.fcpolit.unr.edu.ar\/comision-arrabal\/wp-json\/wp\/v2\/categories?post=411"},{"taxonomy":"post_tag","embeddable":true,"href":"https:\/\/redaccion1.fcpolit.unr.edu.ar\/comision-arrabal\/wp-json\/wp\/v2\/tags?post=411"}],"curies":[{"name":"wp","href":"https:\/\/api.w.org\/{rel}","templated":true}]}}